{"id":11275,"date":"2024-05-14T15:00:00","date_gmt":"2024-05-14T19:00:00","guid":{"rendered":"https:\/\/lacruz.cl\/?p=11275"},"modified":"2024-05-14T13:47:19","modified_gmt":"2024-05-14T17:47:19","slug":"exitosa-celebracion-del-dia-de-la-madre-en-la-comuna-de-la-cruz","status":"publish","type":"post","link":"https:\/\/lacruz.cl\/a94a8fe5\/noticias\/exitosa-celebracion-del-dia-de-la-madre-en-la-comuna-de-la-cruz\/","title":{"rendered":"Exitosa celebraci\u00f3n del D\u00eda de la Madre en la comuna de La Cruz"},"content":{"rendered":"\n<figure class=\"wp-block-image aligncenter size-large is-resized\"><img loading=\"lazy\" decoding=\"async\" width=\"1024\" height=\"768\" src=\"https:\/\/lacruz.cl\/a94a8fe5\/wp-content\/uploads\/2024\/05\/Exitosa-celebracion-del-Dia-de-la-Madre-1024x768.jpeg\" alt=\"\" class=\"wp-image-11279\" style=\"width:650px\" srcset=\"https:\/\/lacruz.cl\/a94a8fe5\/wp-content\/uploads\/2024\/05\/Exitosa-celebracion-del-Dia-de-la-Madre-1024x768.jpeg 1024w, https:\/\/lacruz.cl\/a94a8fe5\/wp-content\/uploads\/2024\/05\/Exitosa-celebracion-del-Dia-de-la-Madre-300x225.jpeg 300w, https:\/\/lacruz.cl\/a94a8fe5\/wp-content\/uploads\/2024\/05\/Exitosa-celebracion-del-Dia-de-la-Madre-768x576.jpeg 768w, https:\/\/lacruz.cl\/a94a8fe5\/wp-content\/uploads\/2024\/05\/Exitosa-celebracion-del-Dia-de-la-Madre.jpeg 1280w\" sizes=\"auto, (max-width: 1024px) 100vw, 1024px\" \/><\/figure>\n\n\n\n<p>El pasado s\u00e1bado 11 de mayo la comuna de La Cruz celebr\u00f3 el D\u00eda de la Mam\u00e1 con una exitosa jornada en la Plaza Comunal, donde asistieron alrededor de 1.000 personas durante las diferentes actividades que se desarrollaron.<\/p>\n\n\n\n<p>Comenzaron con la ma\u00f1ana deportiva donde se entregaron 300 poleras para que las madres pudieran realizar c\u00f3modamente Zumba, Baile entretenido, Fit Dance \/ Strong, GAP, Funcional y Yoga \/ Yoga Kids. Luego entregaron 600 almuerzos nutritivos gratuitos para las asistentes, quienes almorzaron escuchando el show en vivo de Pablo de la Cruz.<\/p>\n\n\n\n<p>Filomena Navia Hevia, alcaldesa de la comuna de La Cruz, coment\u00f3 sobre la organizaci\u00f3n y recepci\u00f3n de la actividad y se\u00f1al\u00f3: \u201cTodo result\u00f3 bien y no tuvimos dificultad, por lo tanto, la evaluaci\u00f3n es bastante positiva y nos da cuenta de que a la gente le da gusto tener actividades en su comuna que se sigue caracterizando por ser segura, que abre sus puertas a quienes nos quieran visitar y que nuestro equipo trabaja con mucho cari\u00f1o en la organizaci\u00f3n de este tipo de evento\u201d.<\/p>\n\n\n\n<p>Durante la tarde las madres pudieron relajarse en el S\u00faper Boulevard y la Gran Carpa de Autocuidado Integral donde se ofrecieron variados servicios como Masaje Sabai, Piedras Calientes, Masaje Craneal, Masaje de Relajaci\u00f3n, Ventosas Chinas, Skincare, Spa de Manos, Reiki, Magnoterapia, Flores de Bach, Manicurista y Numerolog\u00eda.&nbsp;<\/p>\n\n\n\n<p>La jornada de la noche comenz\u00f3 con el doble de Chayanne, quien hizo bailar y cantar a todas y todos los asistentes con los reconocidos \u00e9xitos del artista. Y para finalizar, Aracelli Vitta y Claudia Aravena, las reconocidas actrices nacionales, hicieron re\u00edr al p\u00fablico con su divertido show de standup comedy \u201cWonder Woman\u00bb.<\/p>\n\n\n\n<p>La alcaldesa tambi\u00e9n se refiri\u00f3 a la exitosa celebraci\u00f3n y dijo: \u201cEstamos felices con los resultados obtenidos de la actividad que fue pensada especialmente para las madres de la comuna de La Cruz. Esperamos que les haya servido la actividad para reencontrarse, para pasarlo bien, salir de la rutina y hacer un regalito en el d\u00eda de las madres\u201d. Por lo lado, contaron con una gran Feria de Emprendimientos que estuvo abierta a la comunidad durante todo el d\u00eda. Participaron 120 emprendedoras y emprendedores, quienes expusieron variedad de productos locales y presentes para las madres. Adem\u00e1s, este Boulevard cont\u00f3 con animador, karaoke, patio de comida y premios para las asistentes.<\/p>\n\n\n\n<figure class=\"wp-block-image aligncenter size-large is-resized\"><img loading=\"lazy\" decoding=\"async\" width=\"1024\" height=\"768\" src=\"https:\/\/lacruz.cl\/a94a8fe5\/wp-content\/uploads\/2024\/05\/Exitosa-celebracion-del-Dia-de-la-Madre-2-1024x768.jpeg\" alt=\"\" class=\"wp-image-11277\" style=\"width:650px\" srcset=\"https:\/\/lacruz.cl\/a94a8fe5\/wp-content\/uploads\/2024\/05\/Exitosa-celebracion-del-Dia-de-la-Madre-2-1024x768.jpeg 1024w, https:\/\/lacruz.cl\/a94a8fe5\/wp-content\/uploads\/2024\/05\/Exitosa-celebracion-del-Dia-de-la-Madre-2-300x225.jpeg 300w, https:\/\/lacruz.cl\/a94a8fe5\/wp-content\/uploads\/2024\/05\/Exitosa-celebracion-del-Dia-de-la-Madre-2-768x576.jpeg 768w, https:\/\/lacruz.cl\/a94a8fe5\/wp-content\/uploads\/2024\/05\/Exitosa-celebracion-del-Dia-de-la-Madre-2.jpeg 1280w\" sizes=\"auto, (max-width: 1024px) 100vw, 1024px\" \/><\/figure>\n","protected":false},"excerpt":{"rendered":"<p>La actividad reuni\u00f3 alrededor de 1.000 personas durante el d\u00eda en la Plaza Comunal<\/p>\n","protected":false},"author":6,"featured_media":11277,"comment_status":"closed","ping_status":"closed","sticky":false,"template":"","format":"standard","meta":{"site-sidebar-layout":"default","site-content-layout":"","ast-site-content-layout":"default","site-content-style":"default","site-sidebar-style":"default","ast-global-header-display":"","ast-banner-title-visibility":"","ast-main-header-display":"","ast-hfb-above-header-display":"","ast-hfb-below-header-display":"","ast-hfb-mobile-header-display":"","site-post-title":"","ast-breadcrumbs-content":"","ast-featured-img":"","footer-sml-layout":"","ast-disable-related-posts":"","theme-transparent-header-meta":"","adv-header-id-meta":"","stick-header-meta":"","header-above-stick-meta":"","header-main-stick-meta":"","header-below-stick-meta":"","astra-migrate-meta-layouts":"set","ast-page-background-enabled":"default","ast-page-background-meta":{"desktop":{"background-color":"var(--ast-global-color-4)","background-image":"","background-repeat":"repeat","background-position":"center center","background-size":"auto","background-attachment":"scroll","background-type":"","background-media":"","overlay-type":"","overlay-color":"","overlay-opacity":"","overlay-gradient":""},"tablet":{"background-color":"","background-image":"","background-repeat":"repeat","background-position":"center center","background-size":"auto","background-attachment":"scroll","background-type":"","background-media":"","overlay-type":"","overlay-color":"","overlay-opacity":"","overlay-gradient":""},"mobile":{"background-color":"","background-image":"","background-repeat":"repeat","background-position":"center center","background-size":"auto","background-attachment":"scroll","background-type":"","background-media":"","overlay-type":"","overlay-color":"","overlay-opacity":"","overlay-gradient":""}},"ast-content-background-meta":{"desktop":{"background-color":"var(--ast-global-color-5)","background-image":"","background-repeat":"repeat","background-position":"center center","background-size":"auto","background-attachment":"scroll","background-type":"","background-media":"","overlay-type":"","overlay-color":"","overlay-opacity":"","overlay-gradient":""},"tablet":{"background-color":"var(--ast-global-color-5)","background-image":"","background-repeat":"repeat","background-position":"center center","background-size":"auto","background-attachment":"scroll","background-type":"","background-media":"","overlay-type":"","overlay-color":"","overlay-opacity":"","overlay-gradient":""},"mobile":{"background-color":"var(--ast-global-color-5)","background-image":"","background-repeat":"repeat","background-position":"center center","background-size":"auto","background-attachment":"scroll","background-type":"","background-media":"","overlay-type":"","overlay-color":"","overlay-opacity":"","overlay-gradient":""}},"footnotes":""},"categories":[1],"tags":[],"class_list":["post-11275","post","type-post","status-publish","format-standard","has-post-thumbnail","hentry","category-noticias"],"_links":{"self":[{"href":"https:\/\/lacruz.cl\/a94a8fe5\/wp-json\/wp\/v2\/posts\/11275","targetHints":{"allow":["GET"]}}],"collection":[{"href":"https:\/\/lacruz.cl\/a94a8fe5\/wp-json\/wp\/v2\/posts"}],"about":[{"href":"https:\/\/lacruz.cl\/a94a8fe5\/wp-json\/wp\/v2\/types\/post"}],"author":[{"embeddable":true,"href":"https:\/\/lacruz.cl\/a94a8fe5\/wp-json\/wp\/v2\/users\/6"}],"replies":[{"embeddable":true,"href":"https:\/\/lacruz.cl\/a94a8fe5\/wp-json\/wp\/v2\/comments?post=11275"}],"version-history":[{"count":2,"href":"https:\/\/lacruz.cl\/a94a8fe5\/wp-json\/wp\/v2\/posts\/11275\/revisions"}],"predecessor-version":[{"id":11281,"href":"https:\/\/lacruz.cl\/a94a8fe5\/wp-json\/wp\/v2\/posts\/11275\/revisions\/11281"}],"wp:featuredmedia":[{"embeddable":true,"href":"https:\/\/lacruz.cl\/a94a8fe5\/wp-json\/wp\/v2\/media\/11277"}],"wp:attachment":[{"href":"https:\/\/lacruz.cl\/a94a8fe5\/wp-json\/wp\/v2\/media?parent=11275"}],"wp:term":[{"taxonomy":"category","embeddable":true,"href":"https:\/\/lacruz.cl\/a94a8fe5\/wp-json\/wp\/v2\/categories?post=11275"},{"taxonomy":"post_tag","embeddable":true,"href":"https:\/\/lacruz.cl\/a94a8fe5\/wp-json\/wp\/v2\/tags?post=11275"}],"curies":[{"name":"wp","href":"https:\/\/api.w.org\/{rel}","templated":true}]}}