{"id":11271,"date":"2024-05-14T13:38:52","date_gmt":"2024-05-14T17:38:52","guid":{"rendered":"https:\/\/lacruz.cl\/?p=11271"},"modified":"2024-05-14T13:44:28","modified_gmt":"2024-05-14T17:44:28","slug":"la-cruz-tendra-complejo-deportivo-municipal","status":"publish","type":"post","link":"https:\/\/lacruz.cl\/a94a8fe5\/noticias\/la-cruz-tendra-complejo-deportivo-municipal\/","title":{"rendered":"La Cruz tendr\u00e1 Complejo Deportivo Municipal"},"content":{"rendered":"\n<figure class=\"wp-block-image aligncenter size-large is-resized\"><img loading=\"lazy\" decoding=\"async\" width=\"1024\" height=\"674\" src=\"https:\/\/lacruz.cl\/a94a8fe5\/wp-content\/uploads\/2024\/05\/La-Cruz-tendra-Complejo-Deportivo-Municipal-1024x674.jpeg\" alt=\"\" class=\"wp-image-11272\" style=\"width:750px\" srcset=\"https:\/\/lacruz.cl\/a94a8fe5\/wp-content\/uploads\/2024\/05\/La-Cruz-tendra-Complejo-Deportivo-Municipal-1024x674.jpeg 1024w, https:\/\/lacruz.cl\/a94a8fe5\/wp-content\/uploads\/2024\/05\/La-Cruz-tendra-Complejo-Deportivo-Municipal-300x198.jpeg 300w, https:\/\/lacruz.cl\/a94a8fe5\/wp-content\/uploads\/2024\/05\/La-Cruz-tendra-Complejo-Deportivo-Municipal-768x506.jpeg 768w, https:\/\/lacruz.cl\/a94a8fe5\/wp-content\/uploads\/2024\/05\/La-Cruz-tendra-Complejo-Deportivo-Municipal.jpeg 1500w\" sizes=\"auto, (max-width: 1024px) 100vw, 1024px\" \/><\/figure>\n\n\n\n<p>El pasado lunes 6 de mayo, el Gobernador de la regi\u00f3n de Valpara\u00edso, Rodrigo Mundaca, junto a las y los consejeros regionales aprobaron por unanimidad la reevaluaci\u00f3n del presupuesto que permitir\u00e1 la construcci\u00f3n del Complejo Deportivo Municipal de la comuna de La Cruz.<\/p>\n\n\n\n<p>Este proyecto se financiar\u00e1 con fondos del Gobierno Regional a trav\u00e9s del Fondo Nacional de Desarrollo Regional. Producto de la reevaluaci\u00f3n, la inversi\u00f3n aprobada para la ejecuci\u00f3n del polideportivo es de $3.603.701.000, mientras que el total de incremento del presupuesto de la iniciativa es de 22,92%.<\/p>\n\n\n\n<p>Consiste en la construcci\u00f3n de una infraestructura deportiva para las principales disciplinas que se practican en la comuna, ya sea en instancias recreativas como de pr\u00e1ctica formativa para clubes o escuelas. El objetivo es entregar un espacio para desarrollar las distintas disciplinas del atletismo y aquellas agrupaciones como f\u00fatbol femenino que actualmente no cuenta con instalaciones adecuadas.<\/p>\n\n\n\n<p>Filomena Navia Hevia, alcaldesa de La Cruz, coment\u00f3 sobre la aprobaci\u00f3n del proyecto y dijo: \u201cHoy podemos decir que todo el esfuerzo que realizamos, del minuto uno que llegamos a nuestra gesti\u00f3n, ha tenido el fruto que esper\u00e1bamos con ansias, as\u00ed que esperamos que este proyecto tan anhelado pueda avanzar r\u00e1pidamente y podamos contar con la inauguraci\u00f3n de este polideportivo que ha sido tan esperado por las organizaciones y por toda la comunidad de La Cruz\u201d.<\/p>\n\n\n\n<p>El total de metros cuadrados que tendr\u00e1 el recinto es de 8.610 M2 y contar\u00e1 con una cancha de f\u00fatbol de pasto sint\u00e9tico con grader\u00edas para 992 personas, un sector de atletismo con grader\u00edas para 147 personas compuesto por: pista de 100 metros planos, salto largo y triple, salto con garrocha y lanzamiento de bala; sector de calistenia compuesto por un circuito inclusivo y casa del deporte con sal\u00f3n multiuso.<\/p>\n\n\n\n<p>Lizandro Arancibia, director Secretar\u00eda de Planificaci\u00f3n Comunal se refiri\u00f3 a la infraestructura del polideportivo y explic\u00f3: \u201cEste proyecto se va a emplazar en lo que era antiguamente la cancha Arauco, este en un lugar que est\u00e1 al lado de la cancha de la Parcela Unida y Santa Elena. Esta infraestructura va a contar con una especialidad que tiene que ver con el atletismo 100 metros planos, va a tener una casa grande que tiene que ver con albergar el deporte, donde tambi\u00e9n se pueden hacer distintas disciplinas dentro de esta casa\u201d.<\/p>\n\n\n\n<p>Durante la reevaluaci\u00f3n del proyecto se realiz\u00f3 una gesti\u00f3n con Esval, quienes entregaron la factibilidad de conectar el agua potable a sus redes, esto debido a que en una primera instancia el origen del agua ser\u00eda extra\u00edda de un APR (Agua Potable Rural) del sector.<\/p>\n\n\n\n<p>Las dependencias incluir\u00e1n toda la infraestructura y recintos necesarios para llevar a cabo pr\u00e1cticas y competencias con asistencia de p\u00fablico como camarines para locales, visitas y \u00e1rbitro; ba\u00f1os para p\u00fablico local y visita, enfermer\u00eda, boleter\u00edas, grader\u00edas, sector de juegos infantiles, estacionamientos separados para p\u00fablico local y de visita, bodegas y otros recintos utilitarios.<\/p>\n","protected":false},"excerpt":{"rendered":"<p>La inversi\u00f3n del polideportivo ser\u00e1 de $3.603.701.000 y contempla un total de 8.610 M2.<\/p>\n","protected":false},"author":6,"featured_media":11272,"comment_status":"closed","ping_status":"closed","sticky":false,"template":"","format":"standard","meta":{"site-sidebar-layout":"default","site-content-layout":"","ast-site-content-layout":"default","site-content-style":"default","site-sidebar-style":"default","ast-global-header-display":"","ast-banner-title-visibility":"","ast-main-header-display":"","ast-hfb-above-header-display":"","ast-hfb-below-header-display":"","ast-hfb-mobile-header-display":"","site-post-title":"","ast-breadcrumbs-content":"","ast-featured-img":"","footer-sml-layout":"","ast-disable-related-posts":"","theme-transparent-header-meta":"","adv-header-id-meta":"","stick-header-meta":"","header-above-stick-meta":"","header-main-stick-meta":"","header-below-stick-meta":"","astra-migrate-meta-layouts":"set","ast-page-background-enabled":"default","ast-page-background-meta":{"desktop":{"background-color":"var(--ast-global-color-4)","background-image":"","background-repeat":"repeat","background-position":"center center","background-size":"auto","background-attachment":"scroll","background-type":"","background-media":"","overlay-type":"","overlay-color":"","overlay-opacity":"","overlay-gradient":""},"tablet":{"background-color":"","background-image":"","background-repeat":"repeat","background-position":"center center","background-size":"auto","background-attachment":"scroll","background-type":"","background-media":"","overlay-type":"","overlay-color":"","overlay-opacity":"","overlay-gradient":""},"mobile":{"background-color":"","background-image":"","background-repeat":"repeat","background-position":"center center","background-size":"auto","background-attachment":"scroll","background-type":"","background-media":"","overlay-type":"","overlay-color":"","overlay-opacity":"","overlay-gradient":""}},"ast-content-background-meta":{"desktop":{"background-color":"var(--ast-global-color-5)","background-image":"","background-repeat":"repeat","background-position":"center center","background-size":"auto","background-attachment":"scroll","background-type":"","background-media":"","overlay-type":"","overlay-color":"","overlay-opacity":"","overlay-gradient":""},"tablet":{"background-color":"var(--ast-global-color-5)","background-image":"","background-repeat":"repeat","background-position":"center center","background-size":"auto","background-attachment":"scroll","background-type":"","background-media":"","overlay-type":"","overlay-color":"","overlay-opacity":"","overlay-gradient":""},"mobile":{"background-color":"var(--ast-global-color-5)","background-image":"","background-repeat":"repeat","background-position":"center center","background-size":"auto","background-attachment":"scroll","background-type":"","background-media":"","overlay-type":"","overlay-color":"","overlay-opacity":"","overlay-gradient":""}},"footnotes":""},"categories":[1],"tags":[],"class_list":["post-11271","post","type-post","status-publish","format-standard","has-post-thumbnail","hentry","category-noticias"],"_links":{"self":[{"href":"https:\/\/lacruz.cl\/a94a8fe5\/wp-json\/wp\/v2\/posts\/11271","targetHints":{"allow":["GET"]}}],"collection":[{"href":"https:\/\/lacruz.cl\/a94a8fe5\/wp-json\/wp\/v2\/posts"}],"about":[{"href":"https:\/\/lacruz.cl\/a94a8fe5\/wp-json\/wp\/v2\/types\/post"}],"author":[{"embeddable":true,"href":"https:\/\/lacruz.cl\/a94a8fe5\/wp-json\/wp\/v2\/users\/6"}],"replies":[{"embeddable":true,"href":"https:\/\/lacruz.cl\/a94a8fe5\/wp-json\/wp\/v2\/comments?post=11271"}],"version-history":[{"count":3,"href":"https:\/\/lacruz.cl\/a94a8fe5\/wp-json\/wp\/v2\/posts\/11271\/revisions"}],"predecessor-version":[{"id":11278,"href":"https:\/\/lacruz.cl\/a94a8fe5\/wp-json\/wp\/v2\/posts\/11271\/revisions\/11278"}],"wp:featuredmedia":[{"embeddable":true,"href":"https:\/\/lacruz.cl\/a94a8fe5\/wp-json\/wp\/v2\/media\/11272"}],"wp:attachment":[{"href":"https:\/\/lacruz.cl\/a94a8fe5\/wp-json\/wp\/v2\/media?parent=11271"}],"wp:term":[{"taxonomy":"category","embeddable":true,"href":"https:\/\/lacruz.cl\/a94a8fe5\/wp-json\/wp\/v2\/categories?post=11271"},{"taxonomy":"post_tag","embeddable":true,"href":"https:\/\/lacruz.cl\/a94a8fe5\/wp-json\/wp\/v2\/tags?post=11271"}],"curies":[{"name":"wp","href":"https:\/\/api.w.org\/{rel}","templated":true}]}}