{"id":11265,"date":"2024-05-14T12:02:51","date_gmt":"2024-05-14T16:02:51","guid":{"rendered":"https:\/\/lacruz.cl\/?p=11265"},"modified":"2024-05-14T12:02:52","modified_gmt":"2024-05-14T16:02:52","slug":"taller-de-estimulacion-temprana","status":"publish","type":"post","link":"https:\/\/lacruz.cl\/a94a8fe5\/noticias\/taller-de-estimulacion-temprana\/","title":{"rendered":"TALLER DE ESTIMULACI\u00d3N TEMPRANA"},"content":{"rendered":"\n<p>\u00bfQuieres aprender t\u00e9cnicas efectivas para potenciar el desarrollo de tu beb\u00e9 desde sus primeros meses de vida? \u00a1Entonces este taller es para ti!<\/p>\n\n\n\n<p>Te invitamos a participar en nuestro taller de estimulaci\u00f3n temprana, dise\u00f1ado para proporcionarte herramientas pr\u00e1cticas y conocimientos fundamentales para acompa\u00f1ar el crecimiento y desarrollo de tu peque\u00f1o. A trav\u00e9s de actividades sensoriales, juegos divertidos y consejos expertos, nuestro equipo de profesionales te guiar\u00e1 en el maravilloso viaje de estimular todas las \u00e1reas de desarrollo de tu beb\u00e9, desde lo motor hasta lo cognitivo y emocional.<\/p>\n\n\n\n<p><strong><a href=\"https:\/\/forms.gle\/7QFRkpLCSwa4Jbve8\">-> LINK DE INSCRIPCI\u00d3N<\/a><\/strong><\/p>\n\n\n\n<figure class=\"wp-block-image aligncenter size-large\"><a href=\"https:\/\/forms.gle\/7QFRkpLCSwa4Jbve8\"><img loading=\"lazy\" decoding=\"async\" width=\"819\" height=\"1024\" src=\"https:\/\/lacruz.cl\/a94a8fe5\/wp-content\/uploads\/2024\/05\/Taller-de-estimulacion-temprana-1-819x1024.png\" alt=\"\" class=\"wp-image-11266\" srcset=\"https:\/\/lacruz.cl\/a94a8fe5\/wp-content\/uploads\/2024\/05\/Taller-de-estimulacion-temprana-1-819x1024.png 819w, https:\/\/lacruz.cl\/a94a8fe5\/wp-content\/uploads\/2024\/05\/Taller-de-estimulacion-temprana-1-240x300.png 240w, https:\/\/lacruz.cl\/a94a8fe5\/wp-content\/uploads\/2024\/05\/Taller-de-estimulacion-temprana-1-768x960.png 768w, https:\/\/lacruz.cl\/a94a8fe5\/wp-content\/uploads\/2024\/05\/Taller-de-estimulacion-temprana-1.png 1080w\" sizes=\"auto, (max-width: 819px) 100vw, 819px\" \/><\/a><\/figure>\n","protected":false},"excerpt":{"rendered":"<p>\u00bfQuieres aprender t\u00e9cnicas efectivas para potenciar el desarrollo de tu beb\u00e9 desde sus primeros meses de vida? \u00a1Entonces este taller es para ti! Te invitamos a participar en nuestro taller de estimulaci\u00f3n temprana, dise\u00f1ado para proporcionarte herramientas pr\u00e1cticas y conocimientos fundamentales para acompa\u00f1ar el crecimiento y desarrollo de tu peque\u00f1o. A trav\u00e9s de actividades sensoriales, [&hellip;]<\/p>\n","protected":false},"author":6,"featured_media":11266,"comment_status":"closed","ping_status":"closed","sticky":false,"template":"","format":"standard","meta":{"site-sidebar-layout":"default","site-content-layout":"","ast-site-content-layout":"default","site-content-style":"default","site-sidebar-style":"default","ast-global-header-display":"","ast-banner-title-visibility":"","ast-main-header-display":"","ast-hfb-above-header-display":"","ast-hfb-below-header-display":"","ast-hfb-mobile-header-display":"","site-post-title":"","ast-breadcrumbs-content":"","ast-featured-img":"","footer-sml-layout":"","ast-disable-related-posts":"","theme-transparent-header-meta":"","adv-header-id-meta":"","stick-header-meta":"","header-above-stick-meta":"","header-main-stick-meta":"","header-below-stick-meta":"","astra-migrate-meta-layouts":"set","ast-page-background-enabled":"default","ast-page-background-meta":{"desktop":{"background-color":"var(--ast-global-color-4)","background-image":"","background-repeat":"repeat","background-position":"center center","background-size":"auto","background-attachment":"scroll","background-type":"","background-media":"","overlay-type":"","overlay-color":"","overlay-opacity":"","overlay-gradient":""},"tablet":{"background-color":"","background-image":"","background-repeat":"repeat","background-position":"center center","background-size":"auto","background-attachment":"scroll","background-type":"","background-media":"","overlay-type":"","overlay-color":"","overlay-opacity":"","overlay-gradient":""},"mobile":{"background-color":"","background-image":"","background-repeat":"repeat","background-position":"center center","background-size":"auto","background-attachment":"scroll","background-type":"","background-media":"","overlay-type":"","overlay-color":"","overlay-opacity":"","overlay-gradient":""}},"ast-content-background-meta":{"desktop":{"background-color":"var(--ast-global-color-5)","background-image":"","background-repeat":"repeat","background-position":"center center","background-size":"auto","background-attachment":"scroll","background-type":"","background-media":"","overlay-type":"","overlay-color":"","overlay-opacity":"","overlay-gradient":""},"tablet":{"background-color":"var(--ast-global-color-5)","background-image":"","background-repeat":"repeat","background-position":"center center","background-size":"auto","background-attachment":"scroll","background-type":"","background-media":"","overlay-type":"","overlay-color":"","overlay-opacity":"","overlay-gradient":""},"mobile":{"background-color":"var(--ast-global-color-5)","background-image":"","background-repeat":"repeat","background-position":"center center","background-size":"auto","background-attachment":"scroll","background-type":"","background-media":"","overlay-type":"","overlay-color":"","overlay-opacity":"","overlay-gradient":""}},"footnotes":""},"categories":[1],"tags":[],"class_list":["post-11265","post","type-post","status-publish","format-standard","has-post-thumbnail","hentry","category-noticias"],"_links":{"self":[{"href":"https:\/\/lacruz.cl\/a94a8fe5\/wp-json\/wp\/v2\/posts\/11265","targetHints":{"allow":["GET"]}}],"collection":[{"href":"https:\/\/lacruz.cl\/a94a8fe5\/wp-json\/wp\/v2\/posts"}],"about":[{"href":"https:\/\/lacruz.cl\/a94a8fe5\/wp-json\/wp\/v2\/types\/post"}],"author":[{"embeddable":true,"href":"https:\/\/lacruz.cl\/a94a8fe5\/wp-json\/wp\/v2\/users\/6"}],"replies":[{"embeddable":true,"href":"https:\/\/lacruz.cl\/a94a8fe5\/wp-json\/wp\/v2\/comments?post=11265"}],"version-history":[{"count":2,"href":"https:\/\/lacruz.cl\/a94a8fe5\/wp-json\/wp\/v2\/posts\/11265\/revisions"}],"predecessor-version":[{"id":11268,"href":"https:\/\/lacruz.cl\/a94a8fe5\/wp-json\/wp\/v2\/posts\/11265\/revisions\/11268"}],"wp:featuredmedia":[{"embeddable":true,"href":"https:\/\/lacruz.cl\/a94a8fe5\/wp-json\/wp\/v2\/media\/11266"}],"wp:attachment":[{"href":"https:\/\/lacruz.cl\/a94a8fe5\/wp-json\/wp\/v2\/media?parent=11265"}],"wp:term":[{"taxonomy":"category","embeddable":true,"href":"https:\/\/lacruz.cl\/a94a8fe5\/wp-json\/wp\/v2\/categories?post=11265"},{"taxonomy":"post_tag","embeddable":true,"href":"https:\/\/lacruz.cl\/a94a8fe5\/wp-json\/wp\/v2\/tags?post=11265"}],"curies":[{"name":"wp","href":"https:\/\/api.w.org\/{rel}","templated":true}]}}