{"id":11251,"date":"2024-05-14T09:57:18","date_gmt":"2024-05-14T13:57:18","guid":{"rendered":"https:\/\/lacruz.cl\/?p=11251"},"modified":"2024-05-14T09:57:19","modified_gmt":"2024-05-14T13:57:19","slug":"programa-capital-semilla-emprende-2024","status":"publish","type":"post","link":"https:\/\/lacruz.cl\/a94a8fe5\/noticias\/programa-capital-semilla-emprende-2024\/","title":{"rendered":"Programa\u00a0Capital\u00a0Semilla\u00a0Emprende 2024 ."},"content":{"rendered":"\n<p>La Oficina de Fomento Productivo y Turismo, dependiente de la Direcci\u00f3n de Desarrollo Comunitario, informa que se ha dado inicio a la postulaci\u00f3n\u00a0del programa\u00a0Capital\u00a0Semilla\u00a0Emprende 2024.<\/p>\n\n\n\n<p>&#8211; Multisectoriales Provincias de Petorca, Quillota y San Felipe ( incluye comunas zonas rezagadas )<\/p>\n\n\n\n<p>El monto que puede postular con su idea de negocio un emprendedor\/a sin inicio de actividades en primera categor\u00eda es de\u00a0\u00a0<strong>\u00a0$3.500.000<\/strong>\u00a0 los cuales pueden ser m\u00e1ximo hasta 3.300.000 en inversiones y en Acciones de Gesti\u00f3n Empresarial m\u00ednimo 200.000 y m\u00e1ximo\u00a0500.000 y por consecuencia el m\u00ednimo en Inversiones podr\u00eda ser 3.000.000.<br>Adem\u00e1s el % de aporte empresarial para ambas convocatorias es de 3% del total del subsidio.<br>Plazos de postulaci\u00f3n:<\/p>\n\n\n\n<p>Las personas interesadas podr\u00e1n comenzar su postulaci\u00f3n en&nbsp;<a href=\"http:\/\/www.sercotec.cl\/\" target=\"_blank\" rel=\"noreferrer noopener\">www.sercotec.cl<\/a>&nbsp;hasta el&nbsp;<strong>d\u00eda viernes 17 de mayo de 2024.<\/strong><\/p>\n\n\n\n<figure class=\"wp-block-image aligncenter size-large is-resized\"><img loading=\"lazy\" decoding=\"async\" width=\"1024\" height=\"1024\" src=\"https:\/\/lacruz.cl\/a94a8fe5\/wp-content\/uploads\/2024\/05\/CAPITAL-SEMILLA-1024x1024.jpg\" alt=\"\" class=\"wp-image-11258\" style=\"width:692px;height:auto\" srcset=\"https:\/\/lacruz.cl\/a94a8fe5\/wp-content\/uploads\/2024\/05\/CAPITAL-SEMILLA-1024x1024.jpg 1024w, https:\/\/lacruz.cl\/a94a8fe5\/wp-content\/uploads\/2024\/05\/CAPITAL-SEMILLA-300x300.jpg 300w, https:\/\/lacruz.cl\/a94a8fe5\/wp-content\/uploads\/2024\/05\/CAPITAL-SEMILLA-150x150.jpg 150w, https:\/\/lacruz.cl\/a94a8fe5\/wp-content\/uploads\/2024\/05\/CAPITAL-SEMILLA-768x768.jpg 768w, https:\/\/lacruz.cl\/a94a8fe5\/wp-content\/uploads\/2024\/05\/CAPITAL-SEMILLA-1536x1536.jpg 1536w, https:\/\/lacruz.cl\/a94a8fe5\/wp-content\/uploads\/2024\/05\/CAPITAL-SEMILLA-2048x2048.jpg 2048w\" sizes=\"auto, (max-width: 1024px) 100vw, 1024px\" \/><\/figure>\n","protected":false},"excerpt":{"rendered":"<p>La Oficina de Fomento Productivo y Turismo, dependiente de la Direcci\u00f3n de Desarrollo Comunitario, informa que se ha dado inicio a la postulaci\u00f3n\u00a0del programa\u00a0Capital\u00a0Semilla\u00a0Emprende 2024. &#8211; Multisectoriales Provincias de Petorca, Quillota y San Felipe ( incluye comunas zonas rezagadas ) El monto que puede postular con su idea de negocio un emprendedor\/a sin inicio de [&hellip;]<\/p>\n","protected":false},"author":6,"featured_media":11258,"comment_status":"closed","ping_status":"closed","sticky":false,"template":"","format":"standard","meta":{"site-sidebar-layout":"default","site-content-layout":"","ast-site-content-layout":"default","site-content-style":"default","site-sidebar-style":"default","ast-global-header-display":"","ast-banner-title-visibility":"","ast-main-header-display":"","ast-hfb-above-header-display":"","ast-hfb-below-header-display":"","ast-hfb-mobile-header-display":"","site-post-title":"","ast-breadcrumbs-content":"","ast-featured-img":"","footer-sml-layout":"","ast-disable-related-posts":"","theme-transparent-header-meta":"","adv-header-id-meta":"","stick-header-meta":"","header-above-stick-meta":"","header-main-stick-meta":"","header-below-stick-meta":"","astra-migrate-meta-layouts":"set","ast-page-background-enabled":"default","ast-page-background-meta":{"desktop":{"background-color":"var(--ast-global-color-4)","background-image":"","background-repeat":"repeat","background-position":"center center","background-size":"auto","background-attachment":"scroll","background-type":"","background-media":"","overlay-type":"","overlay-color":"","overlay-opacity":"","overlay-gradient":""},"tablet":{"background-color":"","background-image":"","background-repeat":"repeat","background-position":"center center","background-size":"auto","background-attachment":"scroll","background-type":"","background-media":"","overlay-type":"","overlay-color":"","overlay-opacity":"","overlay-gradient":""},"mobile":{"background-color":"","background-image":"","background-repeat":"repeat","background-position":"center center","background-size":"auto","background-attachment":"scroll","background-type":"","background-media":"","overlay-type":"","overlay-color":"","overlay-opacity":"","overlay-gradient":""}},"ast-content-background-meta":{"desktop":{"background-color":"var(--ast-global-color-5)","background-image":"","background-repeat":"repeat","background-position":"center center","background-size":"auto","background-attachment":"scroll","background-type":"","background-media":"","overlay-type":"","overlay-color":"","overlay-opacity":"","overlay-gradient":""},"tablet":{"background-color":"var(--ast-global-color-5)","background-image":"","background-repeat":"repeat","background-position":"center center","background-size":"auto","background-attachment":"scroll","background-type":"","background-media":"","overlay-type":"","overlay-color":"","overlay-opacity":"","overlay-gradient":""},"mobile":{"background-color":"var(--ast-global-color-5)","background-image":"","background-repeat":"repeat","background-position":"center center","background-size":"auto","background-attachment":"scroll","background-type":"","background-media":"","overlay-type":"","overlay-color":"","overlay-opacity":"","overlay-gradient":""}},"footnotes":""},"categories":[1],"tags":[],"class_list":["post-11251","post","type-post","status-publish","format-standard","has-post-thumbnail","hentry","category-noticias"],"_links":{"self":[{"href":"https:\/\/lacruz.cl\/a94a8fe5\/wp-json\/wp\/v2\/posts\/11251","targetHints":{"allow":["GET"]}}],"collection":[{"href":"https:\/\/lacruz.cl\/a94a8fe5\/wp-json\/wp\/v2\/posts"}],"about":[{"href":"https:\/\/lacruz.cl\/a94a8fe5\/wp-json\/wp\/v2\/types\/post"}],"author":[{"embeddable":true,"href":"https:\/\/lacruz.cl\/a94a8fe5\/wp-json\/wp\/v2\/users\/6"}],"replies":[{"embeddable":true,"href":"https:\/\/lacruz.cl\/a94a8fe5\/wp-json\/wp\/v2\/comments?post=11251"}],"version-history":[{"count":3,"href":"https:\/\/lacruz.cl\/a94a8fe5\/wp-json\/wp\/v2\/posts\/11251\/revisions"}],"predecessor-version":[{"id":11260,"href":"https:\/\/lacruz.cl\/a94a8fe5\/wp-json\/wp\/v2\/posts\/11251\/revisions\/11260"}],"wp:featuredmedia":[{"embeddable":true,"href":"https:\/\/lacruz.cl\/a94a8fe5\/wp-json\/wp\/v2\/media\/11258"}],"wp:attachment":[{"href":"https:\/\/lacruz.cl\/a94a8fe5\/wp-json\/wp\/v2\/media?parent=11251"}],"wp:term":[{"taxonomy":"category","embeddable":true,"href":"https:\/\/lacruz.cl\/a94a8fe5\/wp-json\/wp\/v2\/categories?post=11251"},{"taxonomy":"post_tag","embeddable":true,"href":"https:\/\/lacruz.cl\/a94a8fe5\/wp-json\/wp\/v2\/tags?post=11251"}],"curies":[{"name":"wp","href":"https:\/\/api.w.org\/{rel}","templated":true}]}}