{"id":11046,"date":"2024-04-05T09:37:22","date_gmt":"2024-04-05T12:37:22","guid":{"rendered":"https:\/\/lacruz.cl\/?p=11046"},"modified":"2024-04-05T09:40:45","modified_gmt":"2024-04-05T12:40:45","slug":"feria-itinerante","status":"publish","type":"post","link":"https:\/\/lacruz.cl\/a94a8fe5\/noticias\/feria-itinerante\/","title":{"rendered":"FERIA ITINERANTE"},"content":{"rendered":"\n<p>Postula a la Feria Itinerante a realizarse el d\u00eda s\u00e1bado 27 de abril de 2024 en Calle 5, Poblaci\u00f3n Bolonia (Entre Colegio Bolonia y Sala cuna Los Paltines)<\/p>\n\n\n\n<p><strong>Plazo de Postulaci\u00f3n<\/strong>:\u00a0\u00a0Las inscripciones se encontrar\u00e1n abiertas a partir del d\u00eda viernes 5 de abril de 2024 \u00a0hasta viernes 12 de abril a \u00a0las 15:00 PM<\/p>\n\n\n\n<p><strong><a href=\"https:\/\/forms.gle\/P2gAW7njLjNNkCQAA\">-> LINK DE POSTULACI\u00d3N<\/a><\/strong><\/p>\n\n\n\n<figure class=\"wp-block-image size-large\"><a href=\"https:\/\/forms.gle\/P2gAW7njLjNNkCQAA\"><img loading=\"lazy\" decoding=\"async\" width=\"1024\" height=\"1024\" src=\"https:\/\/lacruz.cl\/a94a8fe5\/wp-content\/uploads\/2024\/04\/3b7bb3ae-78b8-4652-ad34-44959a8337b9-1024x1024.jpg\" alt=\"\" class=\"wp-image-11048\" srcset=\"https:\/\/lacruz.cl\/a94a8fe5\/wp-content\/uploads\/2024\/04\/3b7bb3ae-78b8-4652-ad34-44959a8337b9-1024x1024.jpg 1024w, https:\/\/lacruz.cl\/a94a8fe5\/wp-content\/uploads\/2024\/04\/3b7bb3ae-78b8-4652-ad34-44959a8337b9-300x300.jpg 300w, https:\/\/lacruz.cl\/a94a8fe5\/wp-content\/uploads\/2024\/04\/3b7bb3ae-78b8-4652-ad34-44959a8337b9-150x150.jpg 150w, https:\/\/lacruz.cl\/a94a8fe5\/wp-content\/uploads\/2024\/04\/3b7bb3ae-78b8-4652-ad34-44959a8337b9-768x768.jpg 768w, https:\/\/lacruz.cl\/a94a8fe5\/wp-content\/uploads\/2024\/04\/3b7bb3ae-78b8-4652-ad34-44959a8337b9.jpg 1080w\" sizes=\"auto, (max-width: 1024px) 100vw, 1024px\" \/><\/a><\/figure>\n","protected":false},"excerpt":{"rendered":"<p>Postula a la Feria Itinerante a realizarse el d\u00eda s\u00e1bado 27 de abril de 2024 en Calle 5, Poblaci\u00f3n Bolonia (Entre Colegio Bolonia y Sala cuna Los Paltines) Plazo de Postulaci\u00f3n:\u00a0\u00a0Las inscripciones se encontrar\u00e1n abiertas a partir del d\u00eda viernes 5 de abril de 2024 \u00a0hasta viernes 12 de abril a \u00a0las 15:00 PM -> [&hellip;]<\/p>\n","protected":false},"author":6,"featured_media":11048,"comment_status":"closed","ping_status":"closed","sticky":false,"template":"","format":"standard","meta":{"site-sidebar-layout":"default","site-content-layout":"","ast-site-content-layout":"default","site-content-style":"default","site-sidebar-style":"default","ast-global-header-display":"","ast-banner-title-visibility":"","ast-main-header-display":"","ast-hfb-above-header-display":"","ast-hfb-below-header-display":"","ast-hfb-mobile-header-display":"","site-post-title":"","ast-breadcrumbs-content":"","ast-featured-img":"","footer-sml-layout":"","ast-disable-related-posts":"","theme-transparent-header-meta":"","adv-header-id-meta":"","stick-header-meta":"","header-above-stick-meta":"","header-main-stick-meta":"","header-below-stick-meta":"","astra-migrate-meta-layouts":"set","ast-page-background-enabled":"default","ast-page-background-meta":{"desktop":{"background-color":"var(--ast-global-color-4)","background-image":"","background-repeat":"repeat","background-position":"center center","background-size":"auto","background-attachment":"scroll","background-type":"","background-media":"","overlay-type":"","overlay-color":"","overlay-opacity":"","overlay-gradient":""},"tablet":{"background-color":"","background-image":"","background-repeat":"repeat","background-position":"center center","background-size":"auto","background-attachment":"scroll","background-type":"","background-media":"","overlay-type":"","overlay-color":"","overlay-opacity":"","overlay-gradient":""},"mobile":{"background-color":"","background-image":"","background-repeat":"repeat","background-position":"center center","background-size":"auto","background-attachment":"scroll","background-type":"","background-media":"","overlay-type":"","overlay-color":"","overlay-opacity":"","overlay-gradient":""}},"ast-content-background-meta":{"desktop":{"background-color":"var(--ast-global-color-5)","background-image":"","background-repeat":"repeat","background-position":"center center","background-size":"auto","background-attachment":"scroll","background-type":"","background-media":"","overlay-type":"","overlay-color":"","overlay-opacity":"","overlay-gradient":""},"tablet":{"background-color":"var(--ast-global-color-5)","background-image":"","background-repeat":"repeat","background-position":"center center","background-size":"auto","background-attachment":"scroll","background-type":"","background-media":"","overlay-type":"","overlay-color":"","overlay-opacity":"","overlay-gradient":""},"mobile":{"background-color":"var(--ast-global-color-5)","background-image":"","background-repeat":"repeat","background-position":"center center","background-size":"auto","background-attachment":"scroll","background-type":"","background-media":"","overlay-type":"","overlay-color":"","overlay-opacity":"","overlay-gradient":""}},"footnotes":""},"categories":[1],"tags":[],"class_list":["post-11046","post","type-post","status-publish","format-standard","has-post-thumbnail","hentry","category-noticias"],"_links":{"self":[{"href":"https:\/\/lacruz.cl\/a94a8fe5\/wp-json\/wp\/v2\/posts\/11046","targetHints":{"allow":["GET"]}}],"collection":[{"href":"https:\/\/lacruz.cl\/a94a8fe5\/wp-json\/wp\/v2\/posts"}],"about":[{"href":"https:\/\/lacruz.cl\/a94a8fe5\/wp-json\/wp\/v2\/types\/post"}],"author":[{"embeddable":true,"href":"https:\/\/lacruz.cl\/a94a8fe5\/wp-json\/wp\/v2\/users\/6"}],"replies":[{"embeddable":true,"href":"https:\/\/lacruz.cl\/a94a8fe5\/wp-json\/wp\/v2\/comments?post=11046"}],"version-history":[{"count":3,"href":"https:\/\/lacruz.cl\/a94a8fe5\/wp-json\/wp\/v2\/posts\/11046\/revisions"}],"predecessor-version":[{"id":11051,"href":"https:\/\/lacruz.cl\/a94a8fe5\/wp-json\/wp\/v2\/posts\/11046\/revisions\/11051"}],"wp:featuredmedia":[{"embeddable":true,"href":"https:\/\/lacruz.cl\/a94a8fe5\/wp-json\/wp\/v2\/media\/11048"}],"wp:attachment":[{"href":"https:\/\/lacruz.cl\/a94a8fe5\/wp-json\/wp\/v2\/media?parent=11046"}],"wp:term":[{"taxonomy":"category","embeddable":true,"href":"https:\/\/lacruz.cl\/a94a8fe5\/wp-json\/wp\/v2\/categories?post=11046"},{"taxonomy":"post_tag","embeddable":true,"href":"https:\/\/lacruz.cl\/a94a8fe5\/wp-json\/wp\/v2\/tags?post=11046"}],"curies":[{"name":"wp","href":"https:\/\/api.w.org\/{rel}","templated":true}]}}