{"id":10736,"date":"2024-02-27T10:52:05","date_gmt":"2024-02-27T13:52:05","guid":{"rendered":"https:\/\/lacruz.cl\/?p=10736"},"modified":"2024-02-27T10:53:28","modified_gmt":"2024-02-27T13:53:28","slug":"ferias-itinerantes-2024","status":"publish","type":"post","link":"https:\/\/lacruz.cl\/a94a8fe5\/noticias\/ferias-itinerantes-2024\/","title":{"rendered":"Ferias Itinerantes 2024"},"content":{"rendered":"\n<p>La Oficina de Fomento Productivo y Turismo de la Ilustre Municipalidad de La Cruz\u00a0entrega formulario de postulaci\u00f3n a \u00abFerias Itinerantes 2024\u00bb, la cual se llevar\u00e1 a cabo el d\u00eda s\u00e1bado 23 de marzo en\u00a0<strong>Calle General Manuel Baquedano, Villa Las Am\u00e9ricas, paradero 8, La Cruz,\u00a0<\/strong>\u00a0entre las 11:00 y 19:00 Hrs.<\/p>\n\n\n\n<p><strong>Plazo de Postulaci\u00f3n<\/strong>:\u00a0\u00a0Las inscripciones se encontrar\u00e1n abiertas a partir del d\u00eda lunes 26 de febrero \u00a0hasta viernes 01 de marzo \u00a0a las 12:OO PM<\/p>\n\n\n\n<p><strong><u>Entregas de Resultados<\/u>: \u00a0\u00a0<\/strong>Una vez completado el formulario de inscripci\u00f3n para la\u00a0Feria Itinerante,\u00a0se realizar\u00e1 la revisi\u00f3n y evaluaci\u00f3n de antecedentes.\u00a0 Se notificar\u00e1n los \u00a0resultados el d\u00eda jueves 07 de marzo de 2024. Los y las seleccionadas ser\u00e1n contactados v\u00eda telef\u00f3nica y\/o correo electr\u00f3nico.<\/p>\n\n\n\n<p><strong><a href=\"https:\/\/forms.gle\/c4Vv5wECVM2X2PRZA\">Link de postulaci\u00f3n&nbsp;<\/a><\/strong><\/p>\n\n\n\n<figure class=\"wp-block-image aligncenter size-large is-resized\"><a href=\"https:\/\/forms.gle\/c4Vv5wECVM2X2PRZA\"><img loading=\"lazy\" decoding=\"async\" width=\"1024\" height=\"1024\" src=\"https:\/\/lacruz.cl\/a94a8fe5\/wp-content\/uploads\/2024\/02\/FERIA_MARZO-1024x1024.jpg\" alt=\"\" class=\"wp-image-10748\" style=\"width:700px\" srcset=\"https:\/\/lacruz.cl\/a94a8fe5\/wp-content\/uploads\/2024\/02\/FERIA_MARZO-1024x1024.jpg 1024w, https:\/\/lacruz.cl\/a94a8fe5\/wp-content\/uploads\/2024\/02\/FERIA_MARZO-300x300.jpg 300w, https:\/\/lacruz.cl\/a94a8fe5\/wp-content\/uploads\/2024\/02\/FERIA_MARZO-150x150.jpg 150w, https:\/\/lacruz.cl\/a94a8fe5\/wp-content\/uploads\/2024\/02\/FERIA_MARZO-768x768.jpg 768w, https:\/\/lacruz.cl\/a94a8fe5\/wp-content\/uploads\/2024\/02\/FERIA_MARZO.jpg 1200w\" sizes=\"auto, (max-width: 1024px) 100vw, 1024px\" \/><\/a><\/figure>\n","protected":false},"excerpt":{"rendered":"<p>La Oficina de Fomento Productivo y Turismo de la Ilustre Municipalidad de La Cruz\u00a0entrega formulario de postulaci\u00f3n a \u00abFerias Itinerantes 2024\u00bb, la cual se llevar\u00e1 a cabo el d\u00eda s\u00e1bado 23 de marzo en\u00a0Calle General Manuel Baquedano, Villa Las Am\u00e9ricas, paradero 8, La Cruz,\u00a0\u00a0entre las 11:00 y 19:00 Hrs. Plazo de Postulaci\u00f3n:\u00a0\u00a0Las inscripciones se encontrar\u00e1n [&hellip;]<\/p>\n","protected":false},"author":6,"featured_media":10748,"comment_status":"closed","ping_status":"closed","sticky":false,"template":"","format":"standard","meta":{"site-sidebar-layout":"default","site-content-layout":"","ast-site-content-layout":"default","site-content-style":"default","site-sidebar-style":"default","ast-global-header-display":"","ast-banner-title-visibility":"","ast-main-header-display":"","ast-hfb-above-header-display":"","ast-hfb-below-header-display":"","ast-hfb-mobile-header-display":"","site-post-title":"","ast-breadcrumbs-content":"","ast-featured-img":"","footer-sml-layout":"","ast-disable-related-posts":"","theme-transparent-header-meta":"","adv-header-id-meta":"","stick-header-meta":"","header-above-stick-meta":"","header-main-stick-meta":"","header-below-stick-meta":"","astra-migrate-meta-layouts":"set","ast-page-background-enabled":"default","ast-page-background-meta":{"desktop":{"background-color":"var(--ast-global-color-4)","background-image":"","background-repeat":"repeat","background-position":"center center","background-size":"auto","background-attachment":"scroll","background-type":"","background-media":"","overlay-type":"","overlay-color":"","overlay-opacity":"","overlay-gradient":""},"tablet":{"background-color":"","background-image":"","background-repeat":"repeat","background-position":"center center","background-size":"auto","background-attachment":"scroll","background-type":"","background-media":"","overlay-type":"","overlay-color":"","overlay-opacity":"","overlay-gradient":""},"mobile":{"background-color":"","background-image":"","background-repeat":"repeat","background-position":"center center","background-size":"auto","background-attachment":"scroll","background-type":"","background-media":"","overlay-type":"","overlay-color":"","overlay-opacity":"","overlay-gradient":""}},"ast-content-background-meta":{"desktop":{"background-color":"var(--ast-global-color-5)","background-image":"","background-repeat":"repeat","background-position":"center center","background-size":"auto","background-attachment":"scroll","background-type":"","background-media":"","overlay-type":"","overlay-color":"","overlay-opacity":"","overlay-gradient":""},"tablet":{"background-color":"var(--ast-global-color-5)","background-image":"","background-repeat":"repeat","background-position":"center center","background-size":"auto","background-attachment":"scroll","background-type":"","background-media":"","overlay-type":"","overlay-color":"","overlay-opacity":"","overlay-gradient":""},"mobile":{"background-color":"var(--ast-global-color-5)","background-image":"","background-repeat":"repeat","background-position":"center center","background-size":"auto","background-attachment":"scroll","background-type":"","background-media":"","overlay-type":"","overlay-color":"","overlay-opacity":"","overlay-gradient":""}},"footnotes":""},"categories":[1],"tags":[],"class_list":["post-10736","post","type-post","status-publish","format-standard","has-post-thumbnail","hentry","category-noticias"],"_links":{"self":[{"href":"https:\/\/lacruz.cl\/a94a8fe5\/wp-json\/wp\/v2\/posts\/10736","targetHints":{"allow":["GET"]}}],"collection":[{"href":"https:\/\/lacruz.cl\/a94a8fe5\/wp-json\/wp\/v2\/posts"}],"about":[{"href":"https:\/\/lacruz.cl\/a94a8fe5\/wp-json\/wp\/v2\/types\/post"}],"author":[{"embeddable":true,"href":"https:\/\/lacruz.cl\/a94a8fe5\/wp-json\/wp\/v2\/users\/6"}],"replies":[{"embeddable":true,"href":"https:\/\/lacruz.cl\/a94a8fe5\/wp-json\/wp\/v2\/comments?post=10736"}],"version-history":[{"count":2,"href":"https:\/\/lacruz.cl\/a94a8fe5\/wp-json\/wp\/v2\/posts\/10736\/revisions"}],"predecessor-version":[{"id":10751,"href":"https:\/\/lacruz.cl\/a94a8fe5\/wp-json\/wp\/v2\/posts\/10736\/revisions\/10751"}],"wp:featuredmedia":[{"embeddable":true,"href":"https:\/\/lacruz.cl\/a94a8fe5\/wp-json\/wp\/v2\/media\/10748"}],"wp:attachment":[{"href":"https:\/\/lacruz.cl\/a94a8fe5\/wp-json\/wp\/v2\/media?parent=10736"}],"wp:term":[{"taxonomy":"category","embeddable":true,"href":"https:\/\/lacruz.cl\/a94a8fe5\/wp-json\/wp\/v2\/categories?post=10736"},{"taxonomy":"post_tag","embeddable":true,"href":"https:\/\/lacruz.cl\/a94a8fe5\/wp-json\/wp\/v2\/tags?post=10736"}],"curies":[{"name":"wp","href":"https:\/\/api.w.org\/{rel}","templated":true}]}}