{"id":10585,"date":"2024-02-02T11:28:58","date_gmt":"2024-02-02T14:28:58","guid":{"rendered":"https:\/\/lacruz.cl\/?p=10585"},"modified":"2024-02-02T11:29:00","modified_gmt":"2024-02-02T14:29:00","slug":"concurso-para-cargo-profesional-de-apoyo-en-el-programa-senda-previene-de-la-cruz","status":"publish","type":"post","link":"https:\/\/lacruz.cl\/a94a8fe5\/noticias\/concurso-para-cargo-profesional-de-apoyo-en-el-programa-senda-previene-de-la-cruz\/","title":{"rendered":"Concurso para cargo profesional de apoyo en el programa Senda Previene de La Cruz."},"content":{"rendered":"\n<p>La Ilustre Municipalidad de La Cruz, invita a participar del llamado a concurso para el cargo profesional de apoyo para el programa Senda Previene. <br>A continuaci\u00f3n se adjunta link con las bases para su postulaci\u00f3n.<br><br><a href=\"https:\/\/www.senda.gob.cl\/profesional-apoyo-programa-senda-previene-comuna-de-la-cruz-region-de-valparaiso\/\"><strong>-> LINK BASES DE POSTULACI\u00d3N<\/strong><\/a><br><br><a href=\"https:\/\/lacruz.cl\/a94a8fe5\/wp-content\/uploads\/2024\/02\/Profesional-equipo-Previene-LA-CRUZ-1.pdf\"><strong>-> DESCARGA BASES AQU\u00cd<\/strong><\/a><\/p>\n\n\n\n<figure class=\"wp-block-image aligncenter size-large\"><a href=\"https:\/\/www.senda.gob.cl\/profesional-apoyo-programa-senda-previene-comuna-de-la-cruz-region-de-valparaiso\/\"><img loading=\"lazy\" decoding=\"async\" width=\"1024\" height=\"396\" src=\"https:\/\/lacruz.cl\/a94a8fe5\/wp-content\/uploads\/2024\/02\/banner-web-SENDA-1024x396.png\" alt=\"\" class=\"wp-image-10586\" srcset=\"https:\/\/lacruz.cl\/a94a8fe5\/wp-content\/uploads\/2024\/02\/banner-web-SENDA-1024x396.png 1024w, https:\/\/lacruz.cl\/a94a8fe5\/wp-content\/uploads\/2024\/02\/banner-web-SENDA-300x116.png 300w, https:\/\/lacruz.cl\/a94a8fe5\/wp-content\/uploads\/2024\/02\/banner-web-SENDA-768x297.png 768w, https:\/\/lacruz.cl\/a94a8fe5\/wp-content\/uploads\/2024\/02\/banner-web-SENDA-1536x594.png 1536w, https:\/\/lacruz.cl\/a94a8fe5\/wp-content\/uploads\/2024\/02\/banner-web-SENDA-2048x792.png 2048w\" sizes=\"auto, (max-width: 1024px) 100vw, 1024px\" \/><\/a><\/figure>\n","protected":false},"excerpt":{"rendered":"<p>La Ilustre Municipalidad de La Cruz, invita a participar del llamado a concurso para el cargo profesional de apoyo para el programa Senda Previene. A continuaci\u00f3n se adjunta link con las bases para su postulaci\u00f3n. -> LINK BASES DE POSTULACI\u00d3N -> DESCARGA BASES AQU\u00cd<\/p>\n","protected":false},"author":6,"featured_media":10586,"comment_status":"closed","ping_status":"closed","sticky":false,"template":"","format":"standard","meta":{"site-sidebar-layout":"default","site-content-layout":"","ast-site-content-layout":"default","site-content-style":"default","site-sidebar-style":"default","ast-global-header-display":"","ast-banner-title-visibility":"","ast-main-header-display":"","ast-hfb-above-header-display":"","ast-hfb-below-header-display":"","ast-hfb-mobile-header-display":"","site-post-title":"","ast-breadcrumbs-content":"","ast-featured-img":"","footer-sml-layout":"","ast-disable-related-posts":"","theme-transparent-header-meta":"","adv-header-id-meta":"","stick-header-meta":"","header-above-stick-meta":"","header-main-stick-meta":"","header-below-stick-meta":"","astra-migrate-meta-layouts":"set","ast-page-background-enabled":"default","ast-page-background-meta":{"desktop":{"background-color":"var(--ast-global-color-4)","background-image":"","background-repeat":"repeat","background-position":"center center","background-size":"auto","background-attachment":"scroll","background-type":"","background-media":"","overlay-type":"","overlay-color":"","overlay-opacity":"","overlay-gradient":""},"tablet":{"background-color":"","background-image":"","background-repeat":"repeat","background-position":"center center","background-size":"auto","background-attachment":"scroll","background-type":"","background-media":"","overlay-type":"","overlay-color":"","overlay-opacity":"","overlay-gradient":""},"mobile":{"background-color":"","background-image":"","background-repeat":"repeat","background-position":"center center","background-size":"auto","background-attachment":"scroll","background-type":"","background-media":"","overlay-type":"","overlay-color":"","overlay-opacity":"","overlay-gradient":""}},"ast-content-background-meta":{"desktop":{"background-color":"var(--ast-global-color-5)","background-image":"","background-repeat":"repeat","background-position":"center center","background-size":"auto","background-attachment":"scroll","background-type":"","background-media":"","overlay-type":"","overlay-color":"","overlay-opacity":"","overlay-gradient":""},"tablet":{"background-color":"var(--ast-global-color-5)","background-image":"","background-repeat":"repeat","background-position":"center center","background-size":"auto","background-attachment":"scroll","background-type":"","background-media":"","overlay-type":"","overlay-color":"","overlay-opacity":"","overlay-gradient":""},"mobile":{"background-color":"var(--ast-global-color-5)","background-image":"","background-repeat":"repeat","background-position":"center center","background-size":"auto","background-attachment":"scroll","background-type":"","background-media":"","overlay-type":"","overlay-color":"","overlay-opacity":"","overlay-gradient":""}},"footnotes":""},"categories":[1],"tags":[],"class_list":["post-10585","post","type-post","status-publish","format-standard","has-post-thumbnail","hentry","category-noticias"],"_links":{"self":[{"href":"https:\/\/lacruz.cl\/a94a8fe5\/wp-json\/wp\/v2\/posts\/10585","targetHints":{"allow":["GET"]}}],"collection":[{"href":"https:\/\/lacruz.cl\/a94a8fe5\/wp-json\/wp\/v2\/posts"}],"about":[{"href":"https:\/\/lacruz.cl\/a94a8fe5\/wp-json\/wp\/v2\/types\/post"}],"author":[{"embeddable":true,"href":"https:\/\/lacruz.cl\/a94a8fe5\/wp-json\/wp\/v2\/users\/6"}],"replies":[{"embeddable":true,"href":"https:\/\/lacruz.cl\/a94a8fe5\/wp-json\/wp\/v2\/comments?post=10585"}],"version-history":[{"count":1,"href":"https:\/\/lacruz.cl\/a94a8fe5\/wp-json\/wp\/v2\/posts\/10585\/revisions"}],"predecessor-version":[{"id":10588,"href":"https:\/\/lacruz.cl\/a94a8fe5\/wp-json\/wp\/v2\/posts\/10585\/revisions\/10588"}],"wp:featuredmedia":[{"embeddable":true,"href":"https:\/\/lacruz.cl\/a94a8fe5\/wp-json\/wp\/v2\/media\/10586"}],"wp:attachment":[{"href":"https:\/\/lacruz.cl\/a94a8fe5\/wp-json\/wp\/v2\/media?parent=10585"}],"wp:term":[{"taxonomy":"category","embeddable":true,"href":"https:\/\/lacruz.cl\/a94a8fe5\/wp-json\/wp\/v2\/categories?post=10585"},{"taxonomy":"post_tag","embeddable":true,"href":"https:\/\/lacruz.cl\/a94a8fe5\/wp-json\/wp\/v2\/tags?post=10585"}],"curies":[{"name":"wp","href":"https:\/\/api.w.org\/{rel}","templated":true}]}}