{"id":10550,"date":"2024-01-29T14:51:43","date_gmt":"2024-01-29T17:51:43","guid":{"rendered":"https:\/\/lacruz.cl\/?p=10550"},"modified":"2024-01-29T14:53:48","modified_gmt":"2024-01-29T17:53:48","slug":"en-la-cruz-debuto-el-buceo-inclusivo","status":"publish","type":"post","link":"https:\/\/lacruz.cl\/a94a8fe5\/noticias\/en-la-cruz-debuto-el-buceo-inclusivo\/","title":{"rendered":"En La Cruz debut\u00f3 el buceo inclusivo"},"content":{"rendered":"\n<p>Una innovadora actividad se desarroll\u00f3 el fin de semana en la piscina municipal de La Cruz. La Fundaci\u00f3n Bucea Sin L\u00edmites en conjunto con la oficina de la discapacidad de nuestra comuna organizaron una cl\u00ednica para personas con y sin discapacidad con el fin de ense\u00f1arles las nociones b\u00e1sicas de este atractivo deporte, siendo guiados por instructores expertos que tienen su sede en Villa Alemana.<\/p>\n\n\n\n<figure class=\"wp-block-image aligncenter size-large is-resized\"><img loading=\"lazy\" decoding=\"async\" width=\"1024\" height=\"683\" src=\"https:\/\/lacruz.cl\/a94a8fe5\/wp-content\/uploads\/2024\/01\/buz-1024x683.jpeg\" alt=\"\" class=\"wp-image-10551\" style=\"width:675px;height:auto\" srcset=\"https:\/\/lacruz.cl\/a94a8fe5\/wp-content\/uploads\/2024\/01\/buz-1024x683.jpeg 1024w, https:\/\/lacruz.cl\/a94a8fe5\/wp-content\/uploads\/2024\/01\/buz-300x200.jpeg 300w, https:\/\/lacruz.cl\/a94a8fe5\/wp-content\/uploads\/2024\/01\/buz-768x512.jpeg 768w, https:\/\/lacruz.cl\/a94a8fe5\/wp-content\/uploads\/2024\/01\/buz-1536x1024.jpeg 1536w, https:\/\/lacruz.cl\/a94a8fe5\/wp-content\/uploads\/2024\/01\/buz.jpeg 1599w\" sizes=\"auto, (max-width: 1024px) 100vw, 1024px\" \/><\/figure>\n\n\n\n<p>A la actividad asisti\u00f3 la directora regional de Senadis, Marisol Torres, quien destac\u00f3 la importancia de estas iniciativas, sobre todo en una comuna que nace poco se gan\u00f3 un EDLI y que se ha caracterizado por llevar adelante acciones inclusivas para la comunidad. Tambi\u00e9n asegur\u00f3 que son este tipo de fundaciones las que el Estado debe apoyar con m\u00e1s fuerza.<\/p>\n\n\n\n<p>\u201cPara nosotros es s\u00faper importante seguir apoyando las diversas actividades que ha realizado la municipalidad de La Cruz en la tem\u00e1tica de la inclusi\u00f3n y esta es una m\u00e1s de ellas. Esto est\u00e1 realizado por profesionales y buzos certificados, con trayectoria y adem\u00e1s con conocimientos sobre distintos tipos de discapacidades. Hoy adem\u00e1s nos encontramos en una actividad de verano, ya que es buceo inclusivo y tiene un alto impacto en la calidad de vida de las personas\u201d, coment\u00f3 Torres, agregando que \u201cestamos muy contentos porque ac\u00e1 tenemos la Estrategia de Desarrollo Local Inclusivo (EDLI) que pone al servicio de la comuna un grupo de profesionales que los ayuda en distintas actividades\u201d.<\/p>\n\n\n\n<p>Daniela Lizana, encargada de la Oficina de la Discapacidad de La Cruz dijo que \u201cesto es parte de las tareas que nos ha encomendado la alcaldesa Filomena Navia Hevia por el compromiso que tiene de avanzar para una mayor inclusi\u00f3n, as\u00ed que habilitamos esta cl\u00ednica en la piscina municipal para que las personas pudieran vivir la experiencia del buceo, sin necesidad de acercarse a una playa, porque tambi\u00e9n se puede hacer a baja profundidad\u201d.<\/p>\n\n\n\n<p>Rodrigo Arriagada, presidente de la Fundaci\u00f3n Bucea Sin L\u00edmites, sostuvo que \u201cnos dedicamos al deporte adaptado en un ambiente seguro. Somos un grupo de voluntarios que en su gran mayor\u00eda somos de Villa Alemana y Quilpu\u00e9, aunque estamos constituimos en Vi\u00f1a del Mar. La nueva forma de trabajar ha sido ir visitando diferentes comunas y hoy nos toc\u00f3 La Cruz, despu\u00e9s nos iremos a Casablanca\u201d.<\/p>\n\n\n\n<p>Respecto de la din\u00e1mica de la cl\u00ednica, Arriagada coment\u00f3 que \u201cprimero hacemos una inducci\u00f3n del buceo normal y despu\u00e9s pasamos al buceo adaptado, mostrando los equipamientos que tenemos y los procedimientos que hacemos con cada una de las personas que est\u00e1 en situaci\u00f3n de discapacidad. Lo ideal ser\u00eda que esto se pueda volver a repetir en La Cruz, porque nos gusta mostrar nuestro trabajo. Nosotros creamos esta fundaci\u00f3n para el servicio de la comunidad\u201d.<\/p>\n","protected":false},"excerpt":{"rendered":"<p>Fundaci\u00f3n Bucea Sin L\u00edmites desarroll\u00f3 una interesante cl\u00ednica en la piscina municipal, como parte de las variadas actividades que ofrece la comuna en vacaciones.<\/p>\n","protected":false},"author":6,"featured_media":10551,"comment_status":"closed","ping_status":"closed","sticky":false,"template":"","format":"standard","meta":{"site-sidebar-layout":"default","site-content-layout":"","ast-site-content-layout":"default","site-content-style":"default","site-sidebar-style":"default","ast-global-header-display":"","ast-banner-title-visibility":"","ast-main-header-display":"","ast-hfb-above-header-display":"","ast-hfb-below-header-display":"","ast-hfb-mobile-header-display":"","site-post-title":"","ast-breadcrumbs-content":"","ast-featured-img":"","footer-sml-layout":"","ast-disable-related-posts":"","theme-transparent-header-meta":"","adv-header-id-meta":"","stick-header-meta":"","header-above-stick-meta":"","header-main-stick-meta":"","header-below-stick-meta":"","astra-migrate-meta-layouts":"set","ast-page-background-enabled":"default","ast-page-background-meta":{"desktop":{"background-color":"var(--ast-global-color-4)","background-image":"","background-repeat":"repeat","background-position":"center center","background-size":"auto","background-attachment":"scroll","background-type":"","background-media":"","overlay-type":"","overlay-color":"","overlay-opacity":"","overlay-gradient":""},"tablet":{"background-color":"","background-image":"","background-repeat":"repeat","background-position":"center center","background-size":"auto","background-attachment":"scroll","background-type":"","background-media":"","overlay-type":"","overlay-color":"","overlay-opacity":"","overlay-gradient":""},"mobile":{"background-color":"","background-image":"","background-repeat":"repeat","background-position":"center center","background-size":"auto","background-attachment":"scroll","background-type":"","background-media":"","overlay-type":"","overlay-color":"","overlay-opacity":"","overlay-gradient":""}},"ast-content-background-meta":{"desktop":{"background-color":"var(--ast-global-color-5)","background-image":"","background-repeat":"repeat","background-position":"center center","background-size":"auto","background-attachment":"scroll","background-type":"","background-media":"","overlay-type":"","overlay-color":"","overlay-opacity":"","overlay-gradient":""},"tablet":{"background-color":"var(--ast-global-color-5)","background-image":"","background-repeat":"repeat","background-position":"center center","background-size":"auto","background-attachment":"scroll","background-type":"","background-media":"","overlay-type":"","overlay-color":"","overlay-opacity":"","overlay-gradient":""},"mobile":{"background-color":"var(--ast-global-color-5)","background-image":"","background-repeat":"repeat","background-position":"center center","background-size":"auto","background-attachment":"scroll","background-type":"","background-media":"","overlay-type":"","overlay-color":"","overlay-opacity":"","overlay-gradient":""}},"footnotes":""},"categories":[1],"tags":[],"class_list":["post-10550","post","type-post","status-publish","format-standard","has-post-thumbnail","hentry","category-noticias"],"_links":{"self":[{"href":"https:\/\/lacruz.cl\/a94a8fe5\/wp-json\/wp\/v2\/posts\/10550","targetHints":{"allow":["GET"]}}],"collection":[{"href":"https:\/\/lacruz.cl\/a94a8fe5\/wp-json\/wp\/v2\/posts"}],"about":[{"href":"https:\/\/lacruz.cl\/a94a8fe5\/wp-json\/wp\/v2\/types\/post"}],"author":[{"embeddable":true,"href":"https:\/\/lacruz.cl\/a94a8fe5\/wp-json\/wp\/v2\/users\/6"}],"replies":[{"embeddable":true,"href":"https:\/\/lacruz.cl\/a94a8fe5\/wp-json\/wp\/v2\/comments?post=10550"}],"version-history":[{"count":2,"href":"https:\/\/lacruz.cl\/a94a8fe5\/wp-json\/wp\/v2\/posts\/10550\/revisions"}],"predecessor-version":[{"id":10554,"href":"https:\/\/lacruz.cl\/a94a8fe5\/wp-json\/wp\/v2\/posts\/10550\/revisions\/10554"}],"wp:featuredmedia":[{"embeddable":true,"href":"https:\/\/lacruz.cl\/a94a8fe5\/wp-json\/wp\/v2\/media\/10551"}],"wp:attachment":[{"href":"https:\/\/lacruz.cl\/a94a8fe5\/wp-json\/wp\/v2\/media?parent=10550"}],"wp:term":[{"taxonomy":"category","embeddable":true,"href":"https:\/\/lacruz.cl\/a94a8fe5\/wp-json\/wp\/v2\/categories?post=10550"},{"taxonomy":"post_tag","embeddable":true,"href":"https:\/\/lacruz.cl\/a94a8fe5\/wp-json\/wp\/v2\/tags?post=10550"}],"curies":[{"name":"wp","href":"https:\/\/api.w.org\/{rel}","templated":true}]}}