{"id":10452,"date":"2024-01-12T15:00:00","date_gmt":"2024-01-12T18:00:00","guid":{"rendered":"https:\/\/lacruz.cl\/?p=10452"},"modified":"2024-01-12T12:46:36","modified_gmt":"2024-01-12T15:46:36","slug":"alcaldesa-navia-solicito-una-subcomisaria","status":"publish","type":"post","link":"https:\/\/lacruz.cl\/a94a8fe5\/noticias\/alcaldesa-navia-solicito-una-subcomisaria\/","title":{"rendered":"Alcaldesa Navia solicit\u00f3 una Subcomisar\u00eda"},"content":{"rendered":"\n<p>Durante esta semana la alcaldesa de La Cruz, Filomena Navia Hevia, visit\u00f3 nuevamente el palacio de La Moneda para reunirse con el Subsecretario del Interior, Manuel Monsalve, en una cita que fue coordinada por el delegado presidencial provincial de Quillota, Jos\u00e9 Orrego, y el diputado (PS) Nelson Venegas, y en donde tambi\u00e9n asistieron las m\u00e1ximas autoridades comunales de La Calera, Hijuelas y Quillota.<\/p>\n\n\n\n<figure class=\"wp-block-image aligncenter size-large is-resized\"><img loading=\"lazy\" decoding=\"async\" width=\"1024\" height=\"768\" src=\"https:\/\/lacruz.cl\/a94a8fe5\/wp-content\/uploads\/2024\/01\/nota22-1024x768.jpeg\" alt=\"\" class=\"wp-image-10453\" style=\"width:765px;height:auto\" srcset=\"https:\/\/lacruz.cl\/a94a8fe5\/wp-content\/uploads\/2024\/01\/nota22-1024x768.jpeg 1024w, https:\/\/lacruz.cl\/a94a8fe5\/wp-content\/uploads\/2024\/01\/nota22-300x225.jpeg 300w, https:\/\/lacruz.cl\/a94a8fe5\/wp-content\/uploads\/2024\/01\/nota22-768x576.jpeg 768w, https:\/\/lacruz.cl\/a94a8fe5\/wp-content\/uploads\/2024\/01\/nota22-1536x1152.jpeg 1536w, https:\/\/lacruz.cl\/a94a8fe5\/wp-content\/uploads\/2024\/01\/nota22.jpeg 1600w\" sizes=\"auto, (max-width: 1024px) 100vw, 1024px\" \/><\/figure>\n\n\n\n<p>Sin embargo, las solicitudes fueron variadas y la alcaldesa crucina puso sobre la mesa el tema de la seguridad, pensando sobre todo en lo necesario que se hace, frente al aumento de poblaci\u00f3n, el poder contar con una Subcomisar\u00eda que reemplace a la actual Tenencia. \u201cPlanteamos tres situaciones que nos ocupan desde el punto de vista de la gesti\u00f3n y lo primero fue solicitar al Ministerio del Interior la recalificaci\u00f3n de la tenencia de Carabineros, la cual desde la dotaci\u00f3n e infraestructura se ha quedado muy atr\u00e1s, sobre todo en comparaci\u00f3n con el crecimiento que hemos experimentado en los \u00faltimos 15 a\u00f1os\u201d, afirm\u00f3 la alcaldesa Filomena Navia Hevia.<\/p>\n\n\n\n<p>\u201cSe lo planteamos con datos concretos al Subsecretario\u201d, prosigui\u00f3 Navia Hevia, \u201cy \u00e9l nos dijo que van a realizar una evaluaci\u00f3n a partir de la situaci\u00f3n que nosotros informamos para ver su pertinencia. Tambi\u00e9n solicitamos que Carabineros nos pueda ir contando sobre los avances que existen en relaci\u00f3n al proyecto para construir una nueva infraestructura para Carabineros en La Cruz, a partir de la donaci\u00f3n de un terreno que hizo una vecina a la instituci\u00f3n. No hemos tenido mayores avances o informaci\u00f3n a pesar de la importancia que tiene para la comuna. Nosotros como municipio nos ponemos a disposici\u00f3n para colaborar\u201d.<\/p>\n\n\n\n<p>Y en tercer lugar, la alcaldesa crucina dijo que plantearon como muy importante poder aumentar la dotaci\u00f3n de Carabineros, ya que existe una dependencia de Quillota. \u201cCuando Quillota presenta alg\u00fan hecho o acontecimiento que requiere una alta presencia policial, eso afecta a la dotaci\u00f3n de nuestra comuna, por lo que quedamos desprovistos o con un n\u00famero menor de funcionarios resguardando la comuna o para un llamado urgente de la poblaci\u00f3n\u201d, sostuvo la autoridad.<\/p>\n\n\n\n<p>Navia resumi\u00f3 en recalificaci\u00f3n, m\u00e1s dotaci\u00f3n, autonom\u00eda y situaci\u00f3n demogr\u00e1fica los requerimientos al subsecretario Monsalve, pero tambi\u00e9n record\u00f3 compromisos que en alg\u00fan momento se realizaron con Vialidad. \u201cEn el informe que se ley\u00f3 en la reuni\u00f3n con el subsecretario no estaba el hallazgo de dos cuerpos que se hizo en el l\u00edmite de Boco y nuestra comuna, por lo que rebatimos que s\u00ed hab\u00eda ocurrido un hecho delictivo con resultado de muerte el a\u00f1o pasado\u201d, dijo la alcaldesa.<\/p>\n\n\n\n<p>La autoridad se\u00f1al\u00f3 que para ellos lo ideal ser\u00eda generar un proyecto de mirador, con iluminaci\u00f3n y mayor seguridad en ese camino para que \u201cnunca m\u00e1s tengamos que encontrar cuerpos de personas asesinadas. Ese es un sector de alta concurrencia, tanto de automovilistas como de ciclistas que se paran ah\u00ed y miran la ciudad\u201d.<\/p>\n\n\n\n<p>Aprovechando adem\u00e1s que en la reuni\u00f3n estaba el subsecretario de Transportes, la alcaldesa Navia Hevia dio a conocer otra inquietud. \u201cPoner inter\u00e9s en que se avance con la mesa que se arm\u00f3 con los alcaldes de la provincia, la delegaci\u00f3n presidencial, la seremi del MOP y la concesionaria de la carretera respecto a la seguridad vial. Mencionamos que necesitamos que vean que La Cruz es una comuna que tiene un acceso peligroso en donde hemos tenido que lamentar el atropello de personas que cruzan en bicicleta\u201d apunt\u00f3.<\/p>\n\n\n\n<p>Junto a eso, la autoridad comunal dijo que \u201cno tenemos ning\u00fan avance respecto de alguna obra que pueda hacer la concesionaria y que nos permita contar con una carretera m\u00e1s segura, La Cruz es una comuna de paso y est\u00e1 entre dos comunas de alto tr\u00e1nsito. Tenemos congesti\u00f3n y veh\u00edculos que cargan paltas robadas en la carretera. Esto lo hicimos ver a la autoridad, pero les dijimos que son pendientes que antes ya informamos, pero de los que no hemos tenido respuestas.<\/p>\n\n\n\n<p>Y si bien record\u00f3 el gran avance que signific\u00f3 la obtenci\u00f3n de importantes recursos del Gobierno Regional para implementar p\u00f3rticos y c\u00e1maras que le entreguen m\u00e1s seguridad a los vecinos y vecinas, la alcaldesa tambi\u00e9n advirti\u00f3 ante posibles soluciones de la concesionaria que \u201cnecesitamos que ellos inviertan, pero no queremos ni estamos dispuestos a aceptar ning\u00fan tipo de peaje en nuestra comuna\u201d.<\/p>\n","protected":false},"excerpt":{"rendered":"<p>Ese fue uno de los requerimientos de la m\u00e1xima autoridad de La Cruz en visita a subsecretario del Interior, Manuel Monsalve.<\/p>\n","protected":false},"author":6,"featured_media":10453,"comment_status":"closed","ping_status":"closed","sticky":false,"template":"","format":"standard","meta":{"site-sidebar-layout":"default","site-content-layout":"","ast-site-content-layout":"default","site-content-style":"default","site-sidebar-style":"default","ast-global-header-display":"","ast-banner-title-visibility":"","ast-main-header-display":"","ast-hfb-above-header-display":"","ast-hfb-below-header-display":"","ast-hfb-mobile-header-display":"","site-post-title":"","ast-breadcrumbs-content":"","ast-featured-img":"","footer-sml-layout":"","ast-disable-related-posts":"","theme-transparent-header-meta":"","adv-header-id-meta":"","stick-header-meta":"","header-above-stick-meta":"","header-main-stick-meta":"","header-below-stick-meta":"","astra-migrate-meta-layouts":"default","ast-page-background-enabled":"default","ast-page-background-meta":{"desktop":{"background-color":"var(--ast-global-color-4)","background-image":"","background-repeat":"repeat","background-position":"center center","background-size":"auto","background-attachment":"scroll","background-type":"","background-media":"","overlay-type":"","overlay-color":"","overlay-opacity":"","overlay-gradient":""},"tablet":{"background-color":"","background-image":"","background-repeat":"repeat","background-position":"center center","background-size":"auto","background-attachment":"scroll","background-type":"","background-media":"","overlay-type":"","overlay-color":"","overlay-opacity":"","overlay-gradient":""},"mobile":{"background-color":"","background-image":"","background-repeat":"repeat","background-position":"center center","background-size":"auto","background-attachment":"scroll","background-type":"","background-media":"","overlay-type":"","overlay-color":"","overlay-opacity":"","overlay-gradient":""}},"ast-content-background-meta":{"desktop":{"background-color":"var(--ast-global-color-5)","background-image":"","background-repeat":"repeat","background-position":"center center","background-size":"auto","background-attachment":"scroll","background-type":"","background-media":"","overlay-type":"","overlay-color":"","overlay-opacity":"","overlay-gradient":""},"tablet":{"background-color":"var(--ast-global-color-5)","background-image":"","background-repeat":"repeat","background-position":"center center","background-size":"auto","background-attachment":"scroll","background-type":"","background-media":"","overlay-type":"","overlay-color":"","overlay-opacity":"","overlay-gradient":""},"mobile":{"background-color":"var(--ast-global-color-5)","background-image":"","background-repeat":"repeat","background-position":"center center","background-size":"auto","background-attachment":"scroll","background-type":"","background-media":"","overlay-type":"","overlay-color":"","overlay-opacity":"","overlay-gradient":""}},"footnotes":""},"categories":[1],"tags":[],"class_list":["post-10452","post","type-post","status-publish","format-standard","has-post-thumbnail","hentry","category-noticias"],"_links":{"self":[{"href":"https:\/\/lacruz.cl\/a94a8fe5\/wp-json\/wp\/v2\/posts\/10452","targetHints":{"allow":["GET"]}}],"collection":[{"href":"https:\/\/lacruz.cl\/a94a8fe5\/wp-json\/wp\/v2\/posts"}],"about":[{"href":"https:\/\/lacruz.cl\/a94a8fe5\/wp-json\/wp\/v2\/types\/post"}],"author":[{"embeddable":true,"href":"https:\/\/lacruz.cl\/a94a8fe5\/wp-json\/wp\/v2\/users\/6"}],"replies":[{"embeddable":true,"href":"https:\/\/lacruz.cl\/a94a8fe5\/wp-json\/wp\/v2\/comments?post=10452"}],"version-history":[{"count":1,"href":"https:\/\/lacruz.cl\/a94a8fe5\/wp-json\/wp\/v2\/posts\/10452\/revisions"}],"predecessor-version":[{"id":10454,"href":"https:\/\/lacruz.cl\/a94a8fe5\/wp-json\/wp\/v2\/posts\/10452\/revisions\/10454"}],"wp:featuredmedia":[{"embeddable":true,"href":"https:\/\/lacruz.cl\/a94a8fe5\/wp-json\/wp\/v2\/media\/10453"}],"wp:attachment":[{"href":"https:\/\/lacruz.cl\/a94a8fe5\/wp-json\/wp\/v2\/media?parent=10452"}],"wp:term":[{"taxonomy":"category","embeddable":true,"href":"https:\/\/lacruz.cl\/a94a8fe5\/wp-json\/wp\/v2\/categories?post=10452"},{"taxonomy":"post_tag","embeddable":true,"href":"https:\/\/lacruz.cl\/a94a8fe5\/wp-json\/wp\/v2\/tags?post=10452"}],"curies":[{"name":"wp","href":"https:\/\/api.w.org\/{rel}","templated":true}]}}