{"id":10449,"date":"2024-01-12T12:38:54","date_gmt":"2024-01-12T15:38:54","guid":{"rendered":"https:\/\/lacruz.cl\/?p=10449"},"modified":"2024-01-12T12:38:56","modified_gmt":"2024-01-12T15:38:56","slug":"potente-parrilla-de-actividades-en-la-cruz","status":"publish","type":"post","link":"https:\/\/lacruz.cl\/a94a8fe5\/noticias\/potente-parrilla-de-actividades-en-la-cruz\/","title":{"rendered":"Potente parrilla de actividades en La Cruz"},"content":{"rendered":"\n<p>La comuna de La Cruz vivir\u00e1 un intenso y entretenido verano. Y es que cuentan con una amplia parrilla de actividades para los meses de enero y febrero que est\u00e1 marcada por el deporte, la vida sana y la cultura. Esta semana debutaron dos de ellas, con la apertura de la piscina municipal y con el comienzo del Club de Verano en el Liceo Leonardo Da Vinci.<\/p>\n\n\n\n<figure class=\"wp-block-image aligncenter size-large is-resized\"><img loading=\"lazy\" decoding=\"async\" width=\"1024\" height=\"683\" src=\"https:\/\/lacruz.cl\/a94a8fe5\/wp-content\/uploads\/2024\/01\/nota1-1024x683.jpeg\" alt=\"\" class=\"wp-image-10450\" style=\"width:758px;height:auto\" srcset=\"https:\/\/lacruz.cl\/a94a8fe5\/wp-content\/uploads\/2024\/01\/nota1-1024x683.jpeg 1024w, https:\/\/lacruz.cl\/a94a8fe5\/wp-content\/uploads\/2024\/01\/nota1-300x200.jpeg 300w, https:\/\/lacruz.cl\/a94a8fe5\/wp-content\/uploads\/2024\/01\/nota1-768x512.jpeg 768w, https:\/\/lacruz.cl\/a94a8fe5\/wp-content\/uploads\/2024\/01\/nota1-1536x1024.jpeg 1536w, https:\/\/lacruz.cl\/a94a8fe5\/wp-content\/uploads\/2024\/01\/nota1.jpeg 1599w\" sizes=\"auto, (max-width: 1024px) 100vw, 1024px\" \/><\/figure>\n\n\n\n<p>\u201cComenz\u00f3 el Verano 2024 y la Municipalidad de La Cruz, junto a Salud y Educaci\u00f3n, nos hemos unido para brindar un panorama a nuestra comunidad de manera que las vacaciones puedan ser disfrutadas durante la temporada estival. Para eso hicimos una potente inversi\u00f3n en el parque acu\u00e1tico municipal que se abri\u00f3 esta semana y que gener\u00f3 sorpresa y alegr\u00eda en las personas al ver una infraestructura renovada, con mejoramiento de camarines y varios otros cambios, como el colorido de las pinturas\u201d, comenta la alcaldesa Filomena Navia Hevia.<\/p>\n\n\n\n<p>La principal autoridad comunal reconoci\u00f3 que la demora en la apertura de este espacio se debi\u00f3 a que no contaban con suficiente presi\u00f3n de agua para llenar las piscinas. \u201cTambi\u00e9n estuvimos preocupados de la mantenci\u00f3n de las bombas de la piscina, pero hoy ya estamos con un parque acu\u00e1tico con mucha demanda. Las personas pueden ir a visitarnos toda la semana, salvo los lunes que haremos mantenci\u00f3n. Tambi\u00e9n habr\u00e1 hidrogimnasia e Hidrodance\u201d, afirma Navia Hevia, confirmando que el ingreso es completamente gratuito.<\/p>\n\n\n\n<p>De esta forma, los martes la piscina comenzar\u00e1 a funcionar durante las ma\u00f1anas con los talleres de nataci\u00f3n para todo p\u00fablico; ni\u00f1os, ni\u00f1as, adolescentes, personas mayores y personas en situaci\u00f3n de discapacidad. Adem\u00e1s, asistir\u00e1n los ni\u00f1os, ni\u00f1as y adolescentes que forman parte del Club de Verano, mientras que en las tardes el ingreso ser\u00e1 para p\u00fablico general.<\/p>\n\n\n\n<p>\u201cLos panoramas de verano estar\u00e1n en las l\u00edneas del deporte y de la cultura, que se realizar\u00e1n tanto en la Poza Cristalina como en la plaza municipal, para diferentes p\u00fablicos, sin segmentar. Queremos que se sumen las familias y que ellos sientan que en su comuna s\u00ed hay panoramas para hacer\u201d, complement\u00f3 la alcaldesa crucina, adelantando que en Pocochay nuevamente habr\u00e1 un Centro de Cuidados para ni\u00f1os, ni\u00f1as y adolescentes.<\/p>\n\n\n\n<p>\u201cEs importante reconocer que en nuestra comuna una parte importante de los habitantes no pueden darse la posibilidad de salir y tomarse vacaciones, por lo que tienen la preocupaci\u00f3n de d\u00f3nde llevar a sus hijas e hijos una vez que salen de clases. Y en ese sentido estamos funcionando con el Club de Verano, en donde conseguimos financiamiento de la JUNAEB gracias a un proyecto del Departamento de Educaci\u00f3n y la participaci\u00f3n de la DIDECO y la Oficina Local de la Infancia\u201d, indica Navia Hevia.<\/p>\n\n\n\n<p>\u201cA eso le sumamos otro proyecto que nos ganamos que es el Centro de Cuidados del Ministerio de Desarrollo Social y Familia, en donde logramos que se duplicar\u00e1n a 50 los cupos que tuvimos el a\u00f1o pasado. Este centro funcionar\u00e1 en la escuela Domingo Santa Cruz Wilson. Por lo tanto, tambi\u00e9n ofrecemos una parrilla importante de actividades para ni\u00f1os, ni\u00f1as y adolescentes, con alimentaci\u00f3n y traslados garantizados. Las familias nos han agradecido much\u00edsimo, porque con este tipo de acciones disminuimos los factores de riesgo asociados a las vulneraciones a las infancias\u201d, analiz\u00f3 la autoridad.<\/p>\n\n\n\n<p>Cabe destacar que la Escuela de Verano abri\u00f3 este lunes en el Liceo Leonardo Da Vinci con la participaci\u00f3n de m\u00e1s de cien ni\u00f1os, ni\u00f1as y adolescentes, a los que se les entrega desayuno, almuerzo y colaci\u00f3n, aparte de los traslados.<\/p>\n\n\n\n<p>Sin embargo, la alcaldesa de La Cruz quiso entregar otras novedades respecto de actividades que se concretar\u00e1n en verano. \u201cEl 14 de febrero vamos a tener una sorpresa que preparamos para el D\u00eda de los Enamorados, que vamos a denominar el D\u00eda del Amor y la Amistad, porque tal como en a\u00f1os anteriores, queremos que la gente celebre la amistad, el amor y todo lo que significa esta fecha para muchas personas\u201d, dice.<\/p>\n\n\n\n<p>\u201cEstamos planificando un encuentro en la Poza Cristalina, con un car\u00e1cter astron\u00f3mico, aprovechando el espacio y la vista que tenemos en el lugar. Ya estamos partiendo con nuevas obras que vamos a realizar en la Poza, como son la construcci\u00f3n de ba\u00f1os y de una infraestructura que de apoco nos va a ir permitiendo recibir a la gente\u201d, a\u00f1ade entusiasmada la alcaldesa.<\/p>\n\n\n\n<p>De todas formas, Navia Hevia aclara que \u201clas actividades veraniegas las vamos a concentrar en la plaza, porque a la Poza Vristalina la seguimos preparando para que se pueda constituir en un parque, tal como la gente a\u00f1ora tener. En la plaza, entonces, tendremos bulevares con ferias de emprendimiento. Realizaremos una Corrida Nocturna en nuestra ciclov\u00eda, que es fruto de un proyecto que nos adjudicamos del MOP y donde tambi\u00e9n podr\u00e1n participar personas en bicicletas, patines, scooter y todo lo que tenga ruedas\u201d, concluye la alcaldesa de La Cruz.<\/p>\n","protected":false},"excerpt":{"rendered":"<p>La alcaldesa Filomena Navia Hevia adelant\u00f3 una serie de actividades y un programa que ya parti\u00f3 con la apertura de la piscina municipal y el Club de Verano.<\/p>\n","protected":false},"author":6,"featured_media":10450,"comment_status":"closed","ping_status":"closed","sticky":false,"template":"","format":"standard","meta":{"site-sidebar-layout":"default","site-content-layout":"","ast-site-content-layout":"default","site-content-style":"default","site-sidebar-style":"default","ast-global-header-display":"","ast-banner-title-visibility":"","ast-main-header-display":"","ast-hfb-above-header-display":"","ast-hfb-below-header-display":"","ast-hfb-mobile-header-display":"","site-post-title":"","ast-breadcrumbs-content":"","ast-featured-img":"","footer-sml-layout":"","ast-disable-related-posts":"","theme-transparent-header-meta":"","adv-header-id-meta":"","stick-header-meta":"","header-above-stick-meta":"","header-main-stick-meta":"","header-below-stick-meta":"","astra-migrate-meta-layouts":"default","ast-page-background-enabled":"default","ast-page-background-meta":{"desktop":{"background-color":"var(--ast-global-color-4)","background-image":"","background-repeat":"repeat","background-position":"center center","background-size":"auto","background-attachment":"scroll","background-type":"","background-media":"","overlay-type":"","overlay-color":"","overlay-opacity":"","overlay-gradient":""},"tablet":{"background-color":"","background-image":"","background-repeat":"repeat","background-position":"center center","background-size":"auto","background-attachment":"scroll","background-type":"","background-media":"","overlay-type":"","overlay-color":"","overlay-opacity":"","overlay-gradient":""},"mobile":{"background-color":"","background-image":"","background-repeat":"repeat","background-position":"center center","background-size":"auto","background-attachment":"scroll","background-type":"","background-media":"","overlay-type":"","overlay-color":"","overlay-opacity":"","overlay-gradient":""}},"ast-content-background-meta":{"desktop":{"background-color":"var(--ast-global-color-5)","background-image":"","background-repeat":"repeat","background-position":"center center","background-size":"auto","background-attachment":"scroll","background-type":"","background-media":"","overlay-type":"","overlay-color":"","overlay-opacity":"","overlay-gradient":""},"tablet":{"background-color":"var(--ast-global-color-5)","background-image":"","background-repeat":"repeat","background-position":"center center","background-size":"auto","background-attachment":"scroll","background-type":"","background-media":"","overlay-type":"","overlay-color":"","overlay-opacity":"","overlay-gradient":""},"mobile":{"background-color":"var(--ast-global-color-5)","background-image":"","background-repeat":"repeat","background-position":"center center","background-size":"auto","background-attachment":"scroll","background-type":"","background-media":"","overlay-type":"","overlay-color":"","overlay-opacity":"","overlay-gradient":""}},"footnotes":""},"categories":[1],"tags":[],"class_list":["post-10449","post","type-post","status-publish","format-standard","has-post-thumbnail","hentry","category-noticias"],"_links":{"self":[{"href":"https:\/\/lacruz.cl\/a94a8fe5\/wp-json\/wp\/v2\/posts\/10449","targetHints":{"allow":["GET"]}}],"collection":[{"href":"https:\/\/lacruz.cl\/a94a8fe5\/wp-json\/wp\/v2\/posts"}],"about":[{"href":"https:\/\/lacruz.cl\/a94a8fe5\/wp-json\/wp\/v2\/types\/post"}],"author":[{"embeddable":true,"href":"https:\/\/lacruz.cl\/a94a8fe5\/wp-json\/wp\/v2\/users\/6"}],"replies":[{"embeddable":true,"href":"https:\/\/lacruz.cl\/a94a8fe5\/wp-json\/wp\/v2\/comments?post=10449"}],"version-history":[{"count":1,"href":"https:\/\/lacruz.cl\/a94a8fe5\/wp-json\/wp\/v2\/posts\/10449\/revisions"}],"predecessor-version":[{"id":10451,"href":"https:\/\/lacruz.cl\/a94a8fe5\/wp-json\/wp\/v2\/posts\/10449\/revisions\/10451"}],"wp:featuredmedia":[{"embeddable":true,"href":"https:\/\/lacruz.cl\/a94a8fe5\/wp-json\/wp\/v2\/media\/10450"}],"wp:attachment":[{"href":"https:\/\/lacruz.cl\/a94a8fe5\/wp-json\/wp\/v2\/media?parent=10449"}],"wp:term":[{"taxonomy":"category","embeddable":true,"href":"https:\/\/lacruz.cl\/a94a8fe5\/wp-json\/wp\/v2\/categories?post=10449"},{"taxonomy":"post_tag","embeddable":true,"href":"https:\/\/lacruz.cl\/a94a8fe5\/wp-json\/wp\/v2\/tags?post=10449"}],"curies":[{"name":"wp","href":"https:\/\/api.w.org\/{rel}","templated":true}]}}