{"id":10410,"date":"2024-01-04T16:00:00","date_gmt":"2024-01-04T19:00:00","guid":{"rendered":"https:\/\/lacruz.cl\/?p=10410"},"modified":"2024-01-04T13:34:10","modified_gmt":"2024-01-04T16:34:10","slug":"regresa-el-club-de-verano-a-la-cruz","status":"publish","type":"post","link":"https:\/\/lacruz.cl\/a94a8fe5\/noticias\/regresa-el-club-de-verano-a-la-cruz\/","title":{"rendered":"Regresa el Club de Verano a La Cruz"},"content":{"rendered":"\n<p>Desde el pr\u00f3ximo lunes y hasta el viernes 2 de febrero la Municipalidad de La Cruz, a trav\u00e9s de la Dideco y el Departamento de Educaci\u00f3n (Daem), volver\u00e1 a realizar el Club de Verano para ni\u00f1os, ni\u00f1as y adolescentes de la comuna. Una instancia destinada a propiciar la diversi\u00f3n y el aprendizaje a estudiantes durante sus vacaciones, en un ambiente protegido y seguro donde los y las participantes podr\u00e1n ocupar sus momentos de ocio con aprendizajes significativos, experiencias y actividades que sean de su inter\u00e9s, sobre todo promoviendo h\u00e1bitos de vida activa y saludable.<\/p>\n\n\n\n<figure class=\"wp-block-image aligncenter size-large is-resized\"><img loading=\"lazy\" decoding=\"async\" width=\"1024\" height=\"683\" src=\"https:\/\/lacruz.cl\/a94a8fe5\/wp-content\/uploads\/2024\/01\/verano-1024x683.jpeg\" alt=\"\" class=\"wp-image-10411\" style=\"width:700px\" srcset=\"https:\/\/lacruz.cl\/a94a8fe5\/wp-content\/uploads\/2024\/01\/verano-1024x683.jpeg 1024w, https:\/\/lacruz.cl\/a94a8fe5\/wp-content\/uploads\/2024\/01\/verano-300x200.jpeg 300w, https:\/\/lacruz.cl\/a94a8fe5\/wp-content\/uploads\/2024\/01\/verano-768x512.jpeg 768w, https:\/\/lacruz.cl\/a94a8fe5\/wp-content\/uploads\/2024\/01\/verano-1536x1024.jpeg 1536w, https:\/\/lacruz.cl\/a94a8fe5\/wp-content\/uploads\/2024\/01\/verano.jpeg 1599w\" sizes=\"auto, (max-width: 1024px) 100vw, 1024px\" \/><\/figure>\n\n\n\n<p>Esto se hace posible gracias a la exitosa postulaci\u00f3n realizada por el equipo de la Daem al fondo concursable de la Junaeb, \u201cComunidad Activa 2024\u201d, que se enmarca en la l\u00ednea de acci\u00f3n \u201cAct\u00edvate en Vacaciones\u201d, que busca aumentar el acceso de estos estudiantes a espacios de promoci\u00f3n de h\u00e1bitos de vida activa y saludable, a trav\u00e9s acciones recreativas, deportivas, culturales y de autocuidado, tanto al interior, como fuera de los establecimientos educacionales.<\/p>\n\n\n\n<p>Roberto Bustamante, director de la Daem de la municipalidad de La Cruz, aclar\u00f3 que este a\u00f1o el Club de Verano se realizar\u00e1 desde las 9:00 horas a las 16:00 horas en las instalaciones del Liceo Leonardo Da Vinci. \u201cNuestra alcaldesa Filomena Navia Hevia ha puesto mucho inter\u00e9s en repetir esta experiencia que no s\u00f3lo favorece a los ni\u00f1os y ni\u00f1as, sino que a todas las familias que por trabajo u otros temas no pueden salir de vacaciones en esta primera parte del verano\u201d, dijo Bustamante.<\/p>\n\n\n\n<p>\u201cNos pone muy contentos el haber podido adjudicarnos estos fondos, aunque ya el a\u00f1o pasado la Junaeb nos hab\u00eda apoyado al entregarnos los desayunos y almuerzos para los participantes, ahora lo hace con estos fondos destinados al Club de Verano y al Club de Invierno de este a\u00f1o\u201d, agreg\u00f3 el director de la Daem.<\/p>\n\n\n\n<p>De hecho, la Junaeb aportar\u00e1 con 10 millones de pesos (monto m\u00e1ximo que se pod\u00edan adjudicar estos proyectos) y entregar\u00e1 otros $6.150.000 para las vacaciones de invierno. \u201cEn el primer caso el monto es m\u00e1s alto, porque se extiende por casi un mes. Quiero destacar que dentro de las 12 instituciones, municipios y organizaciones que participaron en este concurso, nosotros nos adjudicamos dos de los 5 seleccionados a nivel regional\u201d, complement\u00f3 Bustamante.<\/p>\n\n\n\n<p>El director municipal de educaci\u00f3n inform\u00f3 que se dispondr\u00e1 de tres buses para trasladar a los ni\u00f1os, ni\u00f1as y adolescentes de diferentes sectores de La Cruz hasta el liceo Leonardo Da Vinci. Los horarios y recorridos se informar\u00e1n a trav\u00e9s de las redes sociales del Departamento de Educaci\u00f3n (Instagram @educalacruz y el Facebook @LaCruzEduca).<\/p>\n\n\n\n<p>Finalmente, desde el municipio crucino informaron que todas las semanas los participantes de este Club de Verano tendr\u00e1n acceso a la piscina municipal, sum\u00e1ndose, adem\u00e1s, caminatas y juegos, los cuales estar\u00e1n a cargo de varios monitores y la animaci\u00f3n del payaso local Sardino. Al cierre de esta edici\u00f3n se estaban completando los 100 cupos disponibles para esta primera parte del a\u00f1o, con una inscripci\u00f3n que se realiza en la web www.lacruz.cl.<\/p>\n","protected":false},"excerpt":{"rendered":"<p>Cien ni\u00f1os, ni\u00f1as y adolescentes participar\u00e1n de esta instancia de diversi\u00f3n y aprendizaje que tendr\u00e1 sede en el liceo Leonardo Da Vinci.<\/p>\n","protected":false},"author":6,"featured_media":10411,"comment_status":"closed","ping_status":"closed","sticky":false,"template":"","format":"standard","meta":{"site-sidebar-layout":"default","site-content-layout":"","ast-site-content-layout":"default","site-content-style":"default","site-sidebar-style":"default","ast-global-header-display":"","ast-banner-title-visibility":"","ast-main-header-display":"","ast-hfb-above-header-display":"","ast-hfb-below-header-display":"","ast-hfb-mobile-header-display":"","site-post-title":"","ast-breadcrumbs-content":"","ast-featured-img":"","footer-sml-layout":"","ast-disable-related-posts":"","theme-transparent-header-meta":"","adv-header-id-meta":"","stick-header-meta":"","header-above-stick-meta":"","header-main-stick-meta":"","header-below-stick-meta":"","astra-migrate-meta-layouts":"default","ast-page-background-enabled":"default","ast-page-background-meta":{"desktop":{"background-color":"var(--ast-global-color-4)","background-image":"","background-repeat":"repeat","background-position":"center center","background-size":"auto","background-attachment":"scroll","background-type":"","background-media":"","overlay-type":"","overlay-color":"","overlay-opacity":"","overlay-gradient":""},"tablet":{"background-color":"","background-image":"","background-repeat":"repeat","background-position":"center center","background-size":"auto","background-attachment":"scroll","background-type":"","background-media":"","overlay-type":"","overlay-color":"","overlay-opacity":"","overlay-gradient":""},"mobile":{"background-color":"","background-image":"","background-repeat":"repeat","background-position":"center center","background-size":"auto","background-attachment":"scroll","background-type":"","background-media":"","overlay-type":"","overlay-color":"","overlay-opacity":"","overlay-gradient":""}},"ast-content-background-meta":{"desktop":{"background-color":"var(--ast-global-color-5)","background-image":"","background-repeat":"repeat","background-position":"center center","background-size":"auto","background-attachment":"scroll","background-type":"","background-media":"","overlay-type":"","overlay-color":"","overlay-opacity":"","overlay-gradient":""},"tablet":{"background-color":"var(--ast-global-color-5)","background-image":"","background-repeat":"repeat","background-position":"center center","background-size":"auto","background-attachment":"scroll","background-type":"","background-media":"","overlay-type":"","overlay-color":"","overlay-opacity":"","overlay-gradient":""},"mobile":{"background-color":"var(--ast-global-color-5)","background-image":"","background-repeat":"repeat","background-position":"center center","background-size":"auto","background-attachment":"scroll","background-type":"","background-media":"","overlay-type":"","overlay-color":"","overlay-opacity":"","overlay-gradient":""}},"footnotes":""},"categories":[1],"tags":[],"class_list":["post-10410","post","type-post","status-publish","format-standard","has-post-thumbnail","hentry","category-noticias"],"_links":{"self":[{"href":"https:\/\/lacruz.cl\/a94a8fe5\/wp-json\/wp\/v2\/posts\/10410","targetHints":{"allow":["GET"]}}],"collection":[{"href":"https:\/\/lacruz.cl\/a94a8fe5\/wp-json\/wp\/v2\/posts"}],"about":[{"href":"https:\/\/lacruz.cl\/a94a8fe5\/wp-json\/wp\/v2\/types\/post"}],"author":[{"embeddable":true,"href":"https:\/\/lacruz.cl\/a94a8fe5\/wp-json\/wp\/v2\/users\/6"}],"replies":[{"embeddable":true,"href":"https:\/\/lacruz.cl\/a94a8fe5\/wp-json\/wp\/v2\/comments?post=10410"}],"version-history":[{"count":1,"href":"https:\/\/lacruz.cl\/a94a8fe5\/wp-json\/wp\/v2\/posts\/10410\/revisions"}],"predecessor-version":[{"id":10412,"href":"https:\/\/lacruz.cl\/a94a8fe5\/wp-json\/wp\/v2\/posts\/10410\/revisions\/10412"}],"wp:featuredmedia":[{"embeddable":true,"href":"https:\/\/lacruz.cl\/a94a8fe5\/wp-json\/wp\/v2\/media\/10411"}],"wp:attachment":[{"href":"https:\/\/lacruz.cl\/a94a8fe5\/wp-json\/wp\/v2\/media?parent=10410"}],"wp:term":[{"taxonomy":"category","embeddable":true,"href":"https:\/\/lacruz.cl\/a94a8fe5\/wp-json\/wp\/v2\/categories?post=10410"},{"taxonomy":"post_tag","embeddable":true,"href":"https:\/\/lacruz.cl\/a94a8fe5\/wp-json\/wp\/v2\/tags?post=10410"}],"curies":[{"name":"wp","href":"https:\/\/api.w.org\/{rel}","templated":true}]}}