{"id":10347,"date":"2024-01-02T15:00:00","date_gmt":"2024-01-02T18:00:00","guid":{"rendered":"https:\/\/lacruz.cl\/?p=10347"},"modified":"2024-01-02T10:59:40","modified_gmt":"2024-01-02T13:59:40","slug":"la-cruz-celebra-la-apertura-progresiva-de-su-nuevo-centro-de-salud","status":"publish","type":"post","link":"https:\/\/lacruz.cl\/a94a8fe5\/noticias\/la-cruz-celebra-la-apertura-progresiva-de-su-nuevo-centro-de-salud\/","title":{"rendered":"La Cruz Celebra la Apertura Progresiva de su Nuevo Centro de Salud\u00a0"},"content":{"rendered":"\n<p>Un hito hist\u00f3rico para la comuna gracias al financiamiento de la Atenci\u00f3n Primaria de Salud Universal, reforma impulsada por el Gobierno del Presidente Gabriel Boric. Con una inversi\u00f3n sin precedentes de casi 400 millones de pesos, se inaugura la primera etapa del Centro de Extensi\u00f3n del Consultorio de La Cruz, ubicado en Av. 21 de Mayo 4645.<\/p>\n\n\n\n<figure class=\"wp-block-image aligncenter size-large is-resized\"><img loading=\"lazy\" decoding=\"async\" width=\"1024\" height=\"768\" src=\"https:\/\/lacruz.cl\/a94a8fe5\/wp-content\/uploads\/2023\/12\/noticia1-1024x768.jpg\" alt=\"\" class=\"wp-image-10251\" style=\"width:600px\" srcset=\"https:\/\/lacruz.cl\/a94a8fe5\/wp-content\/uploads\/2023\/12\/noticia1-1024x768.jpg 1024w, https:\/\/lacruz.cl\/a94a8fe5\/wp-content\/uploads\/2023\/12\/noticia1-300x225.jpg 300w\" sizes=\"auto, (max-width: 1024px) 100vw, 1024px\" \/><\/figure>\n\n\n\n<p>Este logro refleja el compromiso de La Cruz con la Universalizaci\u00f3n de la Salud, siendo una de las comunas pioneras en este proceso. La implementaci\u00f3n de la Atenci\u00f3n Primaria de Salud (APS) es un paso fundamental hacia un Sistema Universal de Salud en Chile, una nueva pol\u00edtica de Estado que prioriza el cuidado de la salud para toda la poblaci\u00f3n.<\/p>\n\n\n\n<p>La primera etapa incluye la apertura de la sala de rehabilitaci\u00f3n, sala de estimulaci\u00f3n, box m\u00e9dico de salud mental, 3 boxes psicol\u00f3gicos y el equipo del Programa de Dependencia Severa. La implementaci\u00f3n total del centro est\u00e1 al 50%, proyectando su inauguraci\u00f3n completa para fines de enero de 2024, con la incorporaci\u00f3n de la sala REAS, equipos de esterilizaci\u00f3n, sala de procedimientos y rayos dental, equipo de rayos y botiqu\u00edn.<\/p>\n\n\n\n<figure class=\"wp-block-image aligncenter size-large is-resized\"><img loading=\"lazy\" decoding=\"async\" width=\"1024\" height=\"768\" src=\"https:\/\/lacruz.cl\/a94a8fe5\/wp-content\/uploads\/2024\/01\/nota4-1024x768.jpeg\" alt=\"\" class=\"wp-image-10346\" style=\"width:600px\" srcset=\"https:\/\/lacruz.cl\/a94a8fe5\/wp-content\/uploads\/2024\/01\/nota4-1024x768.jpeg 1024w, https:\/\/lacruz.cl\/a94a8fe5\/wp-content\/uploads\/2024\/01\/nota4-300x225.jpeg 300w, https:\/\/lacruz.cl\/a94a8fe5\/wp-content\/uploads\/2024\/01\/nota4-768x576.jpeg 768w, https:\/\/lacruz.cl\/a94a8fe5\/wp-content\/uploads\/2024\/01\/nota4-1536x1152.jpeg 1536w, https:\/\/lacruz.cl\/a94a8fe5\/wp-content\/uploads\/2024\/01\/nota4.jpeg 1600w\" sizes=\"auto, (max-width: 1024px) 100vw, 1024px\" \/><\/figure>\n\n\n\n<p><em>Carmen Aravena, Jefa de la Divisi\u00f3n del Ministerio del Desarrollo,<\/em>&nbsp;destaca la importancia de \u00abEsta apertura progresiva que mejorar\u00e1 la calidad de atenci\u00f3n y refleja el avance de La Cruz en la Universalizaci\u00f3n de la Salud\u00bb.<\/p>\n\n\n\n<p><em>La Alcaldesa Filomena Navia Hevia<\/em>&nbsp;enfatiza que la apertura del centro de salud&nbsp;&nbsp;\u201cDemuestra que La Cruz cumple con las metas de la Universalidad, no solo garantizando el acceso a la atenci\u00f3n y prevenci\u00f3n, sino tambi\u00e9n invirtiendo en infraestructura adecuada\u00bb.<\/p>\n\n\n\n<p><em>Jose Orrego, Delegado Presidencial Provincial,<\/em>&nbsp;\u00abLa atenci\u00f3n primaria de salud universal trae justicia social y dignidad a la salud\u00bb.<\/p>\n\n\n\n<p><em>Andrea Quiero Gelmi, Directora del Servicio de Salud Vi\u00f1a del Mar-Quillota,<\/em>&nbsp;resalta que La Cruz demuestra que las cosas pueden suceder, emparejando la cancha y mejorando las condiciones de las personas\u00bb.<\/p>\n\n\n\n<p><em>Lorena Cofr\u00e9, Seremi de Salud,<\/em>&nbsp;comparte las emociones del momento y destaca \u00abEste es un paso para garantizar el derecho a la salud de todas y todos\u00bb.<\/p>\n","protected":false},"excerpt":{"rendered":"<p>Un hito hist\u00f3rico para la comuna gracias al financiamiento de la Atenci\u00f3n Primaria de Salud Universal, reforma impulsada por el Gobierno del Presidente Gabriel Boric. Con una inversi\u00f3n sin precedentes de casi 400 millones de pesos, se inaugura la primera etapa del Centro de Extensi\u00f3n del Consultorio de La Cruz, ubicado en Av. 21 de [&hellip;]<\/p>\n","protected":false},"author":6,"featured_media":10346,"comment_status":"closed","ping_status":"closed","sticky":false,"template":"","format":"standard","meta":{"site-sidebar-layout":"default","site-content-layout":"","ast-site-content-layout":"default","site-content-style":"default","site-sidebar-style":"default","ast-global-header-display":"","ast-banner-title-visibility":"","ast-main-header-display":"","ast-hfb-above-header-display":"","ast-hfb-below-header-display":"","ast-hfb-mobile-header-display":"","site-post-title":"","ast-breadcrumbs-content":"","ast-featured-img":"","footer-sml-layout":"","ast-disable-related-posts":"","theme-transparent-header-meta":"","adv-header-id-meta":"","stick-header-meta":"","header-above-stick-meta":"","header-main-stick-meta":"","header-below-stick-meta":"","astra-migrate-meta-layouts":"default","ast-page-background-enabled":"default","ast-page-background-meta":{"desktop":{"background-color":"var(--ast-global-color-4)","background-image":"","background-repeat":"repeat","background-position":"center center","background-size":"auto","background-attachment":"scroll","background-type":"","background-media":"","overlay-type":"","overlay-color":"","overlay-opacity":"","overlay-gradient":""},"tablet":{"background-color":"","background-image":"","background-repeat":"repeat","background-position":"center center","background-size":"auto","background-attachment":"scroll","background-type":"","background-media":"","overlay-type":"","overlay-color":"","overlay-opacity":"","overlay-gradient":""},"mobile":{"background-color":"","background-image":"","background-repeat":"repeat","background-position":"center center","background-size":"auto","background-attachment":"scroll","background-type":"","background-media":"","overlay-type":"","overlay-color":"","overlay-opacity":"","overlay-gradient":""}},"ast-content-background-meta":{"desktop":{"background-color":"var(--ast-global-color-5)","background-image":"","background-repeat":"repeat","background-position":"center center","background-size":"auto","background-attachment":"scroll","background-type":"","background-media":"","overlay-type":"","overlay-color":"","overlay-opacity":"","overlay-gradient":""},"tablet":{"background-color":"var(--ast-global-color-5)","background-image":"","background-repeat":"repeat","background-position":"center center","background-size":"auto","background-attachment":"scroll","background-type":"","background-media":"","overlay-type":"","overlay-color":"","overlay-opacity":"","overlay-gradient":""},"mobile":{"background-color":"var(--ast-global-color-5)","background-image":"","background-repeat":"repeat","background-position":"center center","background-size":"auto","background-attachment":"scroll","background-type":"","background-media":"","overlay-type":"","overlay-color":"","overlay-opacity":"","overlay-gradient":""}},"footnotes":""},"categories":[1],"tags":[],"class_list":["post-10347","post","type-post","status-publish","format-standard","has-post-thumbnail","hentry","category-noticias"],"_links":{"self":[{"href":"https:\/\/lacruz.cl\/a94a8fe5\/wp-json\/wp\/v2\/posts\/10347","targetHints":{"allow":["GET"]}}],"collection":[{"href":"https:\/\/lacruz.cl\/a94a8fe5\/wp-json\/wp\/v2\/posts"}],"about":[{"href":"https:\/\/lacruz.cl\/a94a8fe5\/wp-json\/wp\/v2\/types\/post"}],"author":[{"embeddable":true,"href":"https:\/\/lacruz.cl\/a94a8fe5\/wp-json\/wp\/v2\/users\/6"}],"replies":[{"embeddable":true,"href":"https:\/\/lacruz.cl\/a94a8fe5\/wp-json\/wp\/v2\/comments?post=10347"}],"version-history":[{"count":1,"href":"https:\/\/lacruz.cl\/a94a8fe5\/wp-json\/wp\/v2\/posts\/10347\/revisions"}],"predecessor-version":[{"id":10348,"href":"https:\/\/lacruz.cl\/a94a8fe5\/wp-json\/wp\/v2\/posts\/10347\/revisions\/10348"}],"wp:featuredmedia":[{"embeddable":true,"href":"https:\/\/lacruz.cl\/a94a8fe5\/wp-json\/wp\/v2\/media\/10346"}],"wp:attachment":[{"href":"https:\/\/lacruz.cl\/a94a8fe5\/wp-json\/wp\/v2\/media?parent=10347"}],"wp:term":[{"taxonomy":"category","embeddable":true,"href":"https:\/\/lacruz.cl\/a94a8fe5\/wp-json\/wp\/v2\/categories?post=10347"},{"taxonomy":"post_tag","embeddable":true,"href":"https:\/\/lacruz.cl\/a94a8fe5\/wp-json\/wp\/v2\/tags?post=10347"}],"curies":[{"name":"wp","href":"https:\/\/api.w.org\/{rel}","templated":true}]}}