{"id":10329,"date":"2023-12-27T10:20:06","date_gmt":"2023-12-27T13:20:06","guid":{"rendered":"https:\/\/lacruz.cl\/?p=10329"},"modified":"2023-12-27T10:20:08","modified_gmt":"2023-12-27T13:20:08","slug":"la-cruz-trabaja-en-convivencia-escolar","status":"publish","type":"post","link":"https:\/\/lacruz.cl\/a94a8fe5\/noticias\/la-cruz-trabaja-en-convivencia-escolar\/","title":{"rendered":"La Cruz trabaja en convivencia escolar"},"content":{"rendered":"\n<figure class=\"wp-block-image aligncenter size-large is-resized\"><img loading=\"lazy\" decoding=\"async\" width=\"1024\" height=\"768\" src=\"https:\/\/lacruz.cl\/a94a8fe5\/wp-content\/uploads\/2023\/12\/IMG-4284-1024x768.jpg\" alt=\"\" class=\"wp-image-10327\" style=\"width:647px;height:auto\" srcset=\"https:\/\/lacruz.cl\/a94a8fe5\/wp-content\/uploads\/2023\/12\/IMG-4284-1024x768.jpg 1024w, https:\/\/lacruz.cl\/a94a8fe5\/wp-content\/uploads\/2023\/12\/IMG-4284-300x225.jpg 300w\" sizes=\"auto, (max-width: 1024px) 100vw, 1024px\" \/><\/figure>\n\n\n\n<p> <\/p>\n\n\n\n<p>Uno de los temas que mejor se ha desarrollo en el \u00faltimo tiempo en la comuna de La Cruz tiene que ver con la educaci\u00f3n y con todas las implicancias de una mejor convivencia escolar que sea capaz de hacer desaparecer la violencia y los problemas conductuales de alumnas y alumnos en los establecimientos municipales y en todos los que componen la red local.<\/p>\n\n\n\n<p>Hace poco, por ejemplo, se desarroll\u00f3 en el Liceo Leonardo Da Vinci un programa del Ministerio de las Culturas y Las Artes para realizar una intervenci\u00f3n a alumnas (os) de primero medio, a sus apoderados y a sus docentes a trav\u00e9s del teatro Clown.<\/p>\n\n\n\n<p>Junto a eso, se han establecido relaciones estrat\u00e9gicas, como es el caso del nexo que se hizo con la Pontificia Universidad Cat\u00f3lica de Valpara\u00edso a trav\u00e9s del Programa de Apoyo a la Convivencia Escolar (PACES) y la carrera de Psicolog\u00eda, quienes dictaron para docentes de la provincia el curso \u201cEstrategias para la resoluci\u00f3n pac\u00edfica y dialogada de conflictos\u201d.<\/p>\n\n\n\n<p>Como fruto de aquello, el viernes pasado se certificaron un total de 33 profesionales, algunos (as) de las cuales pertenecen a los cinco colegios donde es sostenedor el municipio crucino (Escuela B\u00e1sica Lo Rojas, Liceo Leonardo Da Vinci, Escuela Mar\u00eda Alonso Chac\u00f3n, Colegio Bolonia y Domingo Santa Cruz Wilson de Pocochay). As\u00ed, se sumaron las directoras, sus duplas psicosociales y los equipos de convivencia escolar. Adem\u00e1s, se titularon representantes de los cuatro jardines infantiles (Junaeb\/VTF), que dependen de la municipalidad.<\/p>\n\n\n\n<p>Tambi\u00e9n se integraron el equipo municipal de Senda, el director de Seguridad P\u00fablica, profesionales del consultorio, director y encargada de convivencia escolar del Liceo San Isidro y la encargada de convivencia escolar y el psic\u00f3logo del Liceo Agr\u00edcola ORLI, y la trabajadora social del Liceo Industrial de La Calera, \u00d3scar Corona Barahona.<\/p>\n\n\n\n<p>\u201cSe han propuesto en el sistema educativo dos importantes ejes de trabajo; uno es el programa de integraci\u00f3n escolar y el otro es el de convivencia escolar, por lo que hemos fortalecido los equipos tanto en el PIE como con las duplas psicosociales en el \u00e1mbito de la convivencia\u201d, explica el director de educaci\u00f3n de La Cruz, Roberto Bustamante, agregando que \u201cla alcaldesa Filomena Navia Hevia nos ha pedido que prioricemos estos temas, y en ese sentido son muy importantes las capacitaciones. Estamos muy contentos de poder contar con el apoyo del equipo PACES de la PUCV, ya que son un referente a nivel regional\u201d.<\/p>\n\n\n\n<p>Bustamante dijo adem\u00e1s que la idea fue integrar no s\u00f3lo a los establecimientos municipales, ya que \u201cquisimos sumar a colegios particulares-subvencionados porque finalmente tanto ellos como nosotros atendemos a las mismas familias que forman parte de esta comuna. Estamos cumpliendo con el prop\u00f3sito de avanzar de manera consistente para consolidar este tipo de iniciativas, la idea es profundizar estos convenios\u201d.<\/p>\n\n\n\n<p>Es m\u00e1s, gracias a esta estrecha relaci\u00f3n, la casa de estudios porte\u00f1a entreg\u00f3 dos medias becas para que profesionales de la DAEM y participantes de este curso puedan realizar diplomados relacionados con estas \u00e1reas.<\/p>\n\n\n\n<p>H\u00e9ctor Opazo, coordinador acad\u00e9mico de este curso, coment\u00f3 que \u201cdurante todo este a\u00f1o hemos trabajado con el municipio respondiendo a algunas demandas urgentes y progresivamente llegamos a este espacio de formaci\u00f3n que estaba focalizado para la red municipal, pero que luego se abri\u00f3, ya que era m\u00e1s importante conocer los requerimientos de toda la comuna, que de s\u00f3lo las escuelas p\u00fablicas\u201d.<\/p>\n\n\n\n<p>Opazo sostuvo que \u201cpudimos tener un di\u00e1logo s\u00faper interesante relacionado a las problem\u00e1ticas de convivencia escolar, de violencia y salud mental. Nosotros trabajamos en torno a un proyecto de resoluci\u00f3n de conflictos y gesti\u00f3n de la convivencia escolar. En realidad, estamos trabajando en gesti\u00f3n en general y en la forma de tomar decisiones con v\u00ednculo con el sector salud, la protecci\u00f3n de derechos, las comunidades y las polic\u00edas. Por eso tener esta conversaci\u00f3n de territorio es muy importante para la toma de decisiones\u201d.<\/p>\n\n\n\n<p>Tal como se dice en la presentaci\u00f3n del curso, lo m\u00e1s relevante de estas capacitaciones es trabajar en base a metodolog\u00edas participativas que puedan llegar a modificar estrategias arraigadas en antiguos paradigmas para contar con enfoques que generen cambios y pr\u00e1cticas transformadoras que fortalezcan la convivencia escolar.<br>&nbsp;&nbsp;<\/p>\n","protected":false},"excerpt":{"rendered":"<p>Programa PACES de la PUCV y el municipio se unieron para crear estrategias para la resoluci\u00f3n pac\u00edfica y dialogada de conflictos.<\/p>\n","protected":false},"author":6,"featured_media":10327,"comment_status":"closed","ping_status":"closed","sticky":false,"template":"","format":"standard","meta":{"site-sidebar-layout":"default","site-content-layout":"","ast-site-content-layout":"default","site-content-style":"default","site-sidebar-style":"default","ast-global-header-display":"","ast-banner-title-visibility":"","ast-main-header-display":"","ast-hfb-above-header-display":"","ast-hfb-below-header-display":"","ast-hfb-mobile-header-display":"","site-post-title":"","ast-breadcrumbs-content":"","ast-featured-img":"","footer-sml-layout":"","ast-disable-related-posts":"","theme-transparent-header-meta":"","adv-header-id-meta":"","stick-header-meta":"","header-above-stick-meta":"","header-main-stick-meta":"","header-below-stick-meta":"","astra-migrate-meta-layouts":"default","ast-page-background-enabled":"default","ast-page-background-meta":{"desktop":{"background-color":"var(--ast-global-color-4)","background-image":"","background-repeat":"repeat","background-position":"center center","background-size":"auto","background-attachment":"scroll","background-type":"","background-media":"","overlay-type":"","overlay-color":"","overlay-opacity":"","overlay-gradient":""},"tablet":{"background-color":"","background-image":"","background-repeat":"repeat","background-position":"center center","background-size":"auto","background-attachment":"scroll","background-type":"","background-media":"","overlay-type":"","overlay-color":"","overlay-opacity":"","overlay-gradient":""},"mobile":{"background-color":"","background-image":"","background-repeat":"repeat","background-position":"center center","background-size":"auto","background-attachment":"scroll","background-type":"","background-media":"","overlay-type":"","overlay-color":"","overlay-opacity":"","overlay-gradient":""}},"ast-content-background-meta":{"desktop":{"background-color":"var(--ast-global-color-5)","background-image":"","background-repeat":"repeat","background-position":"center center","background-size":"auto","background-attachment":"scroll","background-type":"","background-media":"","overlay-type":"","overlay-color":"","overlay-opacity":"","overlay-gradient":""},"tablet":{"background-color":"var(--ast-global-color-5)","background-image":"","background-repeat":"repeat","background-position":"center center","background-size":"auto","background-attachment":"scroll","background-type":"","background-media":"","overlay-type":"","overlay-color":"","overlay-opacity":"","overlay-gradient":""},"mobile":{"background-color":"var(--ast-global-color-5)","background-image":"","background-repeat":"repeat","background-position":"center center","background-size":"auto","background-attachment":"scroll","background-type":"","background-media":"","overlay-type":"","overlay-color":"","overlay-opacity":"","overlay-gradient":""}},"footnotes":""},"categories":[1],"tags":[],"class_list":["post-10329","post","type-post","status-publish","format-standard","has-post-thumbnail","hentry","category-noticias"],"_links":{"self":[{"href":"https:\/\/lacruz.cl\/a94a8fe5\/wp-json\/wp\/v2\/posts\/10329","targetHints":{"allow":["GET"]}}],"collection":[{"href":"https:\/\/lacruz.cl\/a94a8fe5\/wp-json\/wp\/v2\/posts"}],"about":[{"href":"https:\/\/lacruz.cl\/a94a8fe5\/wp-json\/wp\/v2\/types\/post"}],"author":[{"embeddable":true,"href":"https:\/\/lacruz.cl\/a94a8fe5\/wp-json\/wp\/v2\/users\/6"}],"replies":[{"embeddable":true,"href":"https:\/\/lacruz.cl\/a94a8fe5\/wp-json\/wp\/v2\/comments?post=10329"}],"version-history":[{"count":1,"href":"https:\/\/lacruz.cl\/a94a8fe5\/wp-json\/wp\/v2\/posts\/10329\/revisions"}],"predecessor-version":[{"id":10330,"href":"https:\/\/lacruz.cl\/a94a8fe5\/wp-json\/wp\/v2\/posts\/10329\/revisions\/10330"}],"wp:featuredmedia":[{"embeddable":true,"href":"https:\/\/lacruz.cl\/a94a8fe5\/wp-json\/wp\/v2\/media\/10327"}],"wp:attachment":[{"href":"https:\/\/lacruz.cl\/a94a8fe5\/wp-json\/wp\/v2\/media?parent=10329"}],"wp:term":[{"taxonomy":"category","embeddable":true,"href":"https:\/\/lacruz.cl\/a94a8fe5\/wp-json\/wp\/v2\/categories?post=10329"},{"taxonomy":"post_tag","embeddable":true,"href":"https:\/\/lacruz.cl\/a94a8fe5\/wp-json\/wp\/v2\/tags?post=10329"}],"curies":[{"name":"wp","href":"https:\/\/api.w.org\/{rel}","templated":true}]}}