{"id":10312,"date":"2023-12-20T13:56:34","date_gmt":"2023-12-20T16:56:34","guid":{"rendered":"https:\/\/lacruz.cl\/?p=10312"},"modified":"2023-12-20T13:56:36","modified_gmt":"2023-12-20T16:56:36","slug":"la-cruz-se-adjudica-la-estrategia-local-inclusiva","status":"publish","type":"post","link":"https:\/\/lacruz.cl\/a94a8fe5\/noticias\/la-cruz-se-adjudica-la-estrategia-local-inclusiva\/","title":{"rendered":"La Cruz se adjudica la Estrategia Local Inclusiva"},"content":{"rendered":"\n<p>La Cruz se convirti\u00f3 en una de las comunas en donde se implementar\u00e1 la Estrategia de Desarrollo Local Inclusivo (EDLI), al cual los municipios postulan para obtener fondos desde el Servicio Nacional de la Discapacidad (Senadis). \u201cEn la Regi\u00f3n vamos a tener hasta finales del 2023 y todo el 2024 a seis comunas trabajando en esta estrategia y La Cruz es una de ellas, es decir, no es una asignaci\u00f3n directa, sino que hay que postular y adjudic\u00e1rsela es muy dif\u00edcil\u201d, reconoce la directora regional de Senadis, Marisol Torres Castro.<\/p>\n\n\n\n<figure class=\"wp-block-image aligncenter size-large is-resized\"><img loading=\"lazy\" decoding=\"async\" width=\"1024\" height=\"768\" src=\"https:\/\/lacruz.cl\/a94a8fe5\/wp-content\/uploads\/2023\/12\/Senadis2-1024x768.jpeg\" alt=\"\" class=\"wp-image-10309\" style=\"width:750px\" srcset=\"https:\/\/lacruz.cl\/a94a8fe5\/wp-content\/uploads\/2023\/12\/Senadis2-1024x768.jpeg 1024w, https:\/\/lacruz.cl\/a94a8fe5\/wp-content\/uploads\/2023\/12\/Senadis2-300x225.jpeg 300w, https:\/\/lacruz.cl\/a94a8fe5\/wp-content\/uploads\/2023\/12\/Senadis2-768x576.jpeg 768w, https:\/\/lacruz.cl\/a94a8fe5\/wp-content\/uploads\/2023\/12\/Senadis2-1536x1152.jpeg 1536w, https:\/\/lacruz.cl\/a94a8fe5\/wp-content\/uploads\/2023\/12\/Senadis2.jpeg 1600w\" sizes=\"auto, (max-width: 1024px) 100vw, 1024px\" \/><\/figure>\n\n\n\n<p>\u00bfY qu\u00e9 significa contar con esta estrategia?, Torres cuenta que \u201ces fortalecer iniciativas en las que los municipios ya han partido en el tema de la inclusi\u00f3n, pero con la posibilidad de contar con fondos, en este caso 42 millones de pesos y fracci\u00f3n, para incorporar recurso humano para trabajar fuertemente en tres \u00e1mbitos; fortalecimiento de la Oficina Municipal de Discapacidad, Fortalecimientos de las Estrategias Sociolabores y participaci\u00f3n, porque tenemos que actualizar los diagn\u00f3sticos y las necesidades de las personas en situaci\u00f3n de discapacidad que viven en la comuna\u201d.<\/p>\n\n\n\n<p>Pero la directora regional de Senadis explica que tambi\u00e9n existen diferentes niveles de las EDLIS, por lo que La Cruz puede seguir postulando en la medida en que vaya cumpliendo los objetivos y se fijen nuevos desaf\u00edos. \u201cEsta es una EDLI inicial, pero hay otras dos a las que esta comuna tambi\u00e9n puede postular para ir avanzando y consolidando un espacio, dicho en simple, todo esto tiene que ver con derechos humanos para todas y todos, potenciando la no discriminaci\u00f3n e igualdad para todos los habitantes de esta comuna\u201d, puntualiz\u00f3.<\/p>\n\n\n\n<p>En tanto, la alcaldesa Filomena Navia Hevia, expres\u00f3 que \u201chemos podido inaugurar algo que es muy importante para La Cruz y que tiene que ver con un programa que ser\u00e1 financiado con recursos del Servicio Nacional de la Discapacidad y que nos va a permitir implementar un dispositivo de profesionales que se van a encargar de orientar la nueva pol\u00edtica en materia de inclusi\u00f3n. Esta iniciativa tiene varios componentes, y entre ellos est\u00e1 un diagn\u00f3stico que realizar\u00e1 un profesional y tendremos una coordinaci\u00f3n que se har\u00e1 cargo de conectar todas las redes en la Regi\u00f3n, y tambi\u00e9n habr\u00e1 un acompa\u00f1amiento sociolaboral que fortalecer\u00e1 la capacitaci\u00f3n y el empleo de las personas en situaci\u00f3n de discapacidad\u201d.<\/p>\n\n\n\n<p>\u201cEn todo caso\u201d, advirti\u00f3 la alcaldesa, \u201cesto es ampliar lo que ya se ven\u00eda haciendo en nuestro municipio en la tarea de la inclusi\u00f3n, como por ejemplo con el centro de hipoterapia, los an\u00e1lisis que hacemos con los ni\u00f1os y ni\u00f1as TEA, con los talleres de deporte adaptado, con la llegada del PIE (programa de inclusi\u00f3n escolar) en educaci\u00f3n, que ha tra\u00eddo mayor inclusi\u00f3n, por lo que todo esto se complementar\u00e1 con el EDLI, que servir\u00e1 como paraguas. Ser una de las comunas de las 6 comunas que se adjudicaron este EDLI es un gran honor\u201d.<\/p>\n\n\n\n<p>La alcaldesa Navia a\u00f1adi\u00f3 que \u201ccontamos con una oficina de la discapacidad y ahora con m\u00e1s equipo vamos a potenciar la inclusi\u00f3n en La Cruz, lo que nos pone muy felices. Chile est\u00e1 al debe en este sentido, porque hay mucha gente que est\u00e1 esperando, pero es un desaf\u00edo maravilloso el poder abordar esto a nivel comunal\u201d.<\/p>\n\n\n\n<p>Karen Riquelme , mam\u00e1 de Axel,\u00a0 quien se encuentra en situaci\u00f3n de discapacidad y est\u00e1 decidido en continuar sus estudios en la universidad, sostiene que \u201cuno siempre tiene que estar luchando contra la corriente y estas iniciativas ayudan mucho, ya que abre muchas puertas y nos entrega nuevas herramientas. El estar en contacto con la Oficina de Discapacidad de La Cruz ha sido una muy buena experiencia, con mucho apoyo de las encargadas, como el haber podido postular al FUAS y ayudas t\u00e9cnicas que nos han orientado mucho\u201d, concluy\u00f3<\/p>\n\n\n\n<figure class=\"wp-block-image aligncenter size-large is-resized\"><img loading=\"lazy\" decoding=\"async\" width=\"1024\" height=\"768\" src=\"https:\/\/lacruz.cl\/a94a8fe5\/wp-content\/uploads\/2023\/12\/Senadis1-1024x768.jpeg\" alt=\"\" class=\"wp-image-10308\" style=\"width:756px;height:auto\" srcset=\"https:\/\/lacruz.cl\/a94a8fe5\/wp-content\/uploads\/2023\/12\/Senadis1-1024x768.jpeg 1024w, https:\/\/lacruz.cl\/a94a8fe5\/wp-content\/uploads\/2023\/12\/Senadis1-300x225.jpeg 300w, https:\/\/lacruz.cl\/a94a8fe5\/wp-content\/uploads\/2023\/12\/Senadis1-768x576.jpeg 768w, https:\/\/lacruz.cl\/a94a8fe5\/wp-content\/uploads\/2023\/12\/Senadis1-1536x1152.jpeg 1536w, https:\/\/lacruz.cl\/a94a8fe5\/wp-content\/uploads\/2023\/12\/Senadis1.jpeg 1600w\" sizes=\"auto, (max-width: 1024px) 100vw, 1024px\" \/><\/figure>\n","protected":false},"excerpt":{"rendered":"<p>La comuna recibir\u00e1 desde Senadis financiamiento para potenciar en trabajo que se viene realizando con personas en situaci\u00f3n de discapacidad.<\/p>\n","protected":false},"author":6,"featured_media":10309,"comment_status":"closed","ping_status":"closed","sticky":false,"template":"","format":"standard","meta":{"site-sidebar-layout":"default","site-content-layout":"","ast-site-content-layout":"default","site-content-style":"default","site-sidebar-style":"default","ast-global-header-display":"","ast-banner-title-visibility":"","ast-main-header-display":"","ast-hfb-above-header-display":"","ast-hfb-below-header-display":"","ast-hfb-mobile-header-display":"","site-post-title":"","ast-breadcrumbs-content":"","ast-featured-img":"","footer-sml-layout":"","ast-disable-related-posts":"","theme-transparent-header-meta":"","adv-header-id-meta":"","stick-header-meta":"","header-above-stick-meta":"","header-main-stick-meta":"","header-below-stick-meta":"","astra-migrate-meta-layouts":"default","ast-page-background-enabled":"default","ast-page-background-meta":{"desktop":{"background-color":"var(--ast-global-color-4)","background-image":"","background-repeat":"repeat","background-position":"center center","background-size":"auto","background-attachment":"scroll","background-type":"","background-media":"","overlay-type":"","overlay-color":"","overlay-opacity":"","overlay-gradient":""},"tablet":{"background-color":"","background-image":"","background-repeat":"repeat","background-position":"center center","background-size":"auto","background-attachment":"scroll","background-type":"","background-media":"","overlay-type":"","overlay-color":"","overlay-opacity":"","overlay-gradient":""},"mobile":{"background-color":"","background-image":"","background-repeat":"repeat","background-position":"center center","background-size":"auto","background-attachment":"scroll","background-type":"","background-media":"","overlay-type":"","overlay-color":"","overlay-opacity":"","overlay-gradient":""}},"ast-content-background-meta":{"desktop":{"background-color":"var(--ast-global-color-5)","background-image":"","background-repeat":"repeat","background-position":"center center","background-size":"auto","background-attachment":"scroll","background-type":"","background-media":"","overlay-type":"","overlay-color":"","overlay-opacity":"","overlay-gradient":""},"tablet":{"background-color":"var(--ast-global-color-5)","background-image":"","background-repeat":"repeat","background-position":"center center","background-size":"auto","background-attachment":"scroll","background-type":"","background-media":"","overlay-type":"","overlay-color":"","overlay-opacity":"","overlay-gradient":""},"mobile":{"background-color":"var(--ast-global-color-5)","background-image":"","background-repeat":"repeat","background-position":"center center","background-size":"auto","background-attachment":"scroll","background-type":"","background-media":"","overlay-type":"","overlay-color":"","overlay-opacity":"","overlay-gradient":""}},"footnotes":""},"categories":[1],"tags":[],"class_list":["post-10312","post","type-post","status-publish","format-standard","has-post-thumbnail","hentry","category-noticias"],"_links":{"self":[{"href":"https:\/\/lacruz.cl\/a94a8fe5\/wp-json\/wp\/v2\/posts\/10312","targetHints":{"allow":["GET"]}}],"collection":[{"href":"https:\/\/lacruz.cl\/a94a8fe5\/wp-json\/wp\/v2\/posts"}],"about":[{"href":"https:\/\/lacruz.cl\/a94a8fe5\/wp-json\/wp\/v2\/types\/post"}],"author":[{"embeddable":true,"href":"https:\/\/lacruz.cl\/a94a8fe5\/wp-json\/wp\/v2\/users\/6"}],"replies":[{"embeddable":true,"href":"https:\/\/lacruz.cl\/a94a8fe5\/wp-json\/wp\/v2\/comments?post=10312"}],"version-history":[{"count":1,"href":"https:\/\/lacruz.cl\/a94a8fe5\/wp-json\/wp\/v2\/posts\/10312\/revisions"}],"predecessor-version":[{"id":10313,"href":"https:\/\/lacruz.cl\/a94a8fe5\/wp-json\/wp\/v2\/posts\/10312\/revisions\/10313"}],"wp:featuredmedia":[{"embeddable":true,"href":"https:\/\/lacruz.cl\/a94a8fe5\/wp-json\/wp\/v2\/media\/10309"}],"wp:attachment":[{"href":"https:\/\/lacruz.cl\/a94a8fe5\/wp-json\/wp\/v2\/media?parent=10312"}],"wp:term":[{"taxonomy":"category","embeddable":true,"href":"https:\/\/lacruz.cl\/a94a8fe5\/wp-json\/wp\/v2\/categories?post=10312"},{"taxonomy":"post_tag","embeddable":true,"href":"https:\/\/lacruz.cl\/a94a8fe5\/wp-json\/wp\/v2\/tags?post=10312"}],"curies":[{"name":"wp","href":"https:\/\/api.w.org\/{rel}","templated":true}]}}