{"id":10244,"date":"2023-12-15T09:42:33","date_gmt":"2023-12-15T12:42:33","guid":{"rendered":"https:\/\/lacruz.cl\/?p=10244"},"modified":"2023-12-15T09:42:35","modified_gmt":"2023-12-15T12:42:35","slug":"exito-en-la-primera-escuela-comunitaria-de-gestores-en-salud-de-la-cruz","status":"publish","type":"post","link":"https:\/\/lacruz.cl\/a94a8fe5\/noticias\/exito-en-la-primera-escuela-comunitaria-de-gestores-en-salud-de-la-cruz\/","title":{"rendered":"\u00c9xito en la Primera Escuela Comunitaria de Gestores en Salud de La Cruz"},"content":{"rendered":"\n<figure class=\"wp-block-image aligncenter size-large is-resized\"><img loading=\"lazy\" decoding=\"async\" width=\"1024\" height=\"768\" src=\"https:\/\/lacruz.cl\/a94a8fe5\/wp-content\/uploads\/2023\/12\/noticiaX-1024x768.jpeg\" alt=\"\" class=\"wp-image-10243\" style=\"width:676px;height:auto\" srcset=\"https:\/\/lacruz.cl\/a94a8fe5\/wp-content\/uploads\/2023\/12\/noticiaX-1024x768.jpeg 1024w, https:\/\/lacruz.cl\/a94a8fe5\/wp-content\/uploads\/2023\/12\/noticiaX-300x225.jpeg 300w, https:\/\/lacruz.cl\/a94a8fe5\/wp-content\/uploads\/2023\/12\/noticiaX-768x576.jpeg 768w, https:\/\/lacruz.cl\/a94a8fe5\/wp-content\/uploads\/2023\/12\/noticiaX-1536x1152.jpeg 1536w, https:\/\/lacruz.cl\/a94a8fe5\/wp-content\/uploads\/2023\/12\/noticiaX.jpeg 1600w\" sizes=\"auto, (max-width: 1024px) 100vw, 1024px\" \/><\/figure>\n\n\n\n<p>En un esfuerzo conjunto entre la Oficina de Promoci\u00f3n de Salud de la Municipalidad de La Cruz y el Servicio de Salud Vi\u00f1a del Mar &#8211; Quillota, se llev\u00f3 a cabo con \u00e9xito la Escuela Comunitaria de Gestores en Salud. Durante tres jornadas intensivas, 40 vecinas y vecinos provenientes de distintas juntas de vecinos y organizaciones se sumergieron en un espacio dise\u00f1ado para promover el conocimiento en salud y fortalecer la colaboraci\u00f3n comunitaria.<\/p>\n\n\n\n<p>Este proyecto surge como respuesta directa al Plan de Experiencia Usuario propuesto por los vecinos durante los di\u00e1logos ciudadanos centrados en la Atenci\u00f3n Primaria de Salud Universal. La iniciativa busca no solo empoderar a los participantes con conocimientos en salud, sino tambi\u00e9n fortalecer los lazos entre los habitantes de La Cruz.<\/p>\n\n\n\n<p>Conectando Identidades y Generando V\u00ednculos<br>En las jornadas previas, se llevaron a cabo actividades que permitieron a los participantes conectar con su identidad en el territorio. La colaboraci\u00f3n entre ellos permiti\u00f3 identificar necesidades y recursos relacionados con la salud de manera colaborativa.<\/p>\n\n\n\n<p>La jornada culmin\u00f3 con la certificaci\u00f3n de dirigentas y dirigentes en salud, reconociendo su compromiso y dedicaci\u00f3n para mejorar la calidad de vida en La Cruz.<\/p>\n\n\n\n<p>Contamos con la presencia de la alcaldesa Filomena Navia Hevia, quien comparti\u00f3 su visi\u00f3n acerca del compromiso de los dirigentes y dirigentas sociales en fortalecer sus conocimientos y capacitarse. \u00abGenerar instancias que unan a vecinos antiguos y reci\u00e9n llegados fortalece nuestra comunidad y nos impulsa hacia adelante\u00bb, expres\u00f3 la alcaldesa, destacando la importancia de la colaboraci\u00f3n intergeneracional. \u201cLas dirigentes y los dirigentes sociales tambi\u00e9n han manifestado inter\u00e9s por capacitarse y fortalecer sus conocimientos. Generar instancias que unan a los vecinos antiguos y a los reci\u00e9n llegados fortalece nuestra comunidad y nos hace avanzar\u00bb.<\/p>\n\n\n\n<p>Esmeralda C\u00e1ceres, presidenta de la corporaci\u00f3n TEA Nunca M\u00e1s Solos, reflexion\u00f3 sobre el avance significativo de la comuna: \u00abVolver atr\u00e1s y ver todo lo que ha avanzado es grandioso. M\u00e1s a\u00fan con las corporaciones y unidades vecinales que se han unido para trabajar juntas en esto\u00bb.<\/p>\n\n\n\n<p>La Directora del Servicio de Salud Vi\u00f1a del Mar &#8211; Quillota, enriqueci\u00f3 la conversaci\u00f3n al se\u00f1alar que estas experiencias dan sentido al trabajo cotidiano del servicio de salud: \u00abConstruir salud es construir comunidad. Estas vivencias nos conectan con nuestras ra\u00edces y nos recuerdan la importancia de seguir construyendo para el beneficio de todos\u00bb.<\/p>\n\n\n\n<p>Sonia Verdugo, vecina y presidenta del Consejo de Desarrollo Local, resalt\u00f3 la importancia de estas jornadas para fortalecer lazos comunitarios y reconstruir la relaci\u00f3n entre vecinos y autoridad: \u00abEstamos m\u00e1s cercanos a la autoridad, reconstruyendo esa relaci\u00f3n que se hab\u00eda perdido\u00bb.<\/p>\n\n\n\n<p>Graciela Espinoza, presidenta del voluntariado del C\u00e1ncer La Cruz, comparti\u00f3 la relevancia de recordar la historia y unirse para trabajar por el sector: \u00abEs importante porque son pocas las personas que recuerdan parte de la historia. Esto nos une para trabajar mucho m\u00e1s por nuestro sector, buscando nuevos desaf\u00edos dentro de la junta de vecinos o los grupos que han participado\u00bb.<\/p>\n\n\n\n<p>La Escuela Comunitaria de Gestores en Salud no solo ha brindado conocimientos pr\u00e1cticos, sino que ha fortalecido el tejido social de La Cruz, marcando un hito en el compromiso comunitario por la salud y el bienestar.<\/p>\n","protected":false},"excerpt":{"rendered":"<p>En un esfuerzo conjunto entre la Oficina de Promoci\u00f3n de Salud de la Municipalidad de La Cruz y el Servicio de Salud Vi\u00f1a del Mar &#8211; Quillota, se llev\u00f3 a cabo con \u00e9xito la Escuela Comunitaria de Gestores en Salud. Durante tres jornadas intensivas, 40 vecinas y vecinos provenientes de distintas juntas de vecinos y [&hellip;]<\/p>\n","protected":false},"author":6,"featured_media":10243,"comment_status":"closed","ping_status":"closed","sticky":false,"template":"","format":"standard","meta":{"site-sidebar-layout":"default","site-content-layout":"","ast-site-content-layout":"default","site-content-style":"default","site-sidebar-style":"default","ast-global-header-display":"","ast-banner-title-visibility":"","ast-main-header-display":"","ast-hfb-above-header-display":"","ast-hfb-below-header-display":"","ast-hfb-mobile-header-display":"","site-post-title":"","ast-breadcrumbs-content":"","ast-featured-img":"","footer-sml-layout":"","ast-disable-related-posts":"","theme-transparent-header-meta":"","adv-header-id-meta":"","stick-header-meta":"","header-above-stick-meta":"","header-main-stick-meta":"","header-below-stick-meta":"","astra-migrate-meta-layouts":"default","ast-page-background-enabled":"default","ast-page-background-meta":{"desktop":{"background-color":"var(--ast-global-color-4)","background-image":"","background-repeat":"repeat","background-position":"center center","background-size":"auto","background-attachment":"scroll","background-type":"","background-media":"","overlay-type":"","overlay-color":"","overlay-opacity":"","overlay-gradient":""},"tablet":{"background-color":"","background-image":"","background-repeat":"repeat","background-position":"center center","background-size":"auto","background-attachment":"scroll","background-type":"","background-media":"","overlay-type":"","overlay-color":"","overlay-opacity":"","overlay-gradient":""},"mobile":{"background-color":"","background-image":"","background-repeat":"repeat","background-position":"center center","background-size":"auto","background-attachment":"scroll","background-type":"","background-media":"","overlay-type":"","overlay-color":"","overlay-opacity":"","overlay-gradient":""}},"ast-content-background-meta":{"desktop":{"background-color":"var(--ast-global-color-5)","background-image":"","background-repeat":"repeat","background-position":"center center","background-size":"auto","background-attachment":"scroll","background-type":"","background-media":"","overlay-type":"","overlay-color":"","overlay-opacity":"","overlay-gradient":""},"tablet":{"background-color":"var(--ast-global-color-5)","background-image":"","background-repeat":"repeat","background-position":"center center","background-size":"auto","background-attachment":"scroll","background-type":"","background-media":"","overlay-type":"","overlay-color":"","overlay-opacity":"","overlay-gradient":""},"mobile":{"background-color":"var(--ast-global-color-5)","background-image":"","background-repeat":"repeat","background-position":"center center","background-size":"auto","background-attachment":"scroll","background-type":"","background-media":"","overlay-type":"","overlay-color":"","overlay-opacity":"","overlay-gradient":""}},"footnotes":""},"categories":[1],"tags":[],"class_list":["post-10244","post","type-post","status-publish","format-standard","has-post-thumbnail","hentry","category-noticias"],"_links":{"self":[{"href":"https:\/\/lacruz.cl\/a94a8fe5\/wp-json\/wp\/v2\/posts\/10244","targetHints":{"allow":["GET"]}}],"collection":[{"href":"https:\/\/lacruz.cl\/a94a8fe5\/wp-json\/wp\/v2\/posts"}],"about":[{"href":"https:\/\/lacruz.cl\/a94a8fe5\/wp-json\/wp\/v2\/types\/post"}],"author":[{"embeddable":true,"href":"https:\/\/lacruz.cl\/a94a8fe5\/wp-json\/wp\/v2\/users\/6"}],"replies":[{"embeddable":true,"href":"https:\/\/lacruz.cl\/a94a8fe5\/wp-json\/wp\/v2\/comments?post=10244"}],"version-history":[{"count":1,"href":"https:\/\/lacruz.cl\/a94a8fe5\/wp-json\/wp\/v2\/posts\/10244\/revisions"}],"predecessor-version":[{"id":10245,"href":"https:\/\/lacruz.cl\/a94a8fe5\/wp-json\/wp\/v2\/posts\/10244\/revisions\/10245"}],"wp:featuredmedia":[{"embeddable":true,"href":"https:\/\/lacruz.cl\/a94a8fe5\/wp-json\/wp\/v2\/media\/10243"}],"wp:attachment":[{"href":"https:\/\/lacruz.cl\/a94a8fe5\/wp-json\/wp\/v2\/media?parent=10244"}],"wp:term":[{"taxonomy":"category","embeddable":true,"href":"https:\/\/lacruz.cl\/a94a8fe5\/wp-json\/wp\/v2\/categories?post=10244"},{"taxonomy":"post_tag","embeddable":true,"href":"https:\/\/lacruz.cl\/a94a8fe5\/wp-json\/wp\/v2\/tags?post=10244"}],"curies":[{"name":"wp","href":"https:\/\/api.w.org\/{rel}","templated":true}]}}