{"id":10164,"date":"2023-11-20T17:18:39","date_gmt":"2023-11-20T20:18:39","guid":{"rendered":"https:\/\/lacruz.cl\/?p=10164"},"modified":"2023-11-20T17:18:40","modified_gmt":"2023-11-20T20:18:40","slug":"unete-a-la-escuela-de-gestores-comunitarios-en-salud","status":"publish","type":"post","link":"https:\/\/lacruz.cl\/a94a8fe5\/noticias\/unete-a-la-escuela-de-gestores-comunitarios-en-salud\/","title":{"rendered":"\u00a1\u00danete a la Escuela de Gestores Comunitarios en Salud!"},"content":{"rendered":"\n<figure class=\"wp-block-image alignwide size-full\"><img loading=\"lazy\" decoding=\"async\" width=\"1024\" height=\"512\" src=\"https:\/\/lacruz.cl\/a94a8fe5\/wp-content\/uploads\/2023\/11\/escuela-de-gestores.jpeg\" alt=\"\" class=\"wp-image-10163\" srcset=\"https:\/\/lacruz.cl\/a94a8fe5\/wp-content\/uploads\/2023\/11\/escuela-de-gestores.jpeg 1024w, https:\/\/lacruz.cl\/a94a8fe5\/wp-content\/uploads\/2023\/11\/escuela-de-gestores-300x150.jpeg 300w, https:\/\/lacruz.cl\/a94a8fe5\/wp-content\/uploads\/2023\/11\/escuela-de-gestores-768x384.jpeg 768w\" sizes=\"auto, (max-width: 1024px) 100vw, 1024px\" \/><\/figure>\n\n\n\n<p>Les invitamos a ser parte de esta experiencia \u00fanica que busca fortalecer el trabajo comunitario en salud.&nbsp;<img loading=\"lazy\" decoding=\"async\" height=\"16\" width=\"16\" alt=\"\ud83e\udd1d\" src=\"https:\/\/ci6.googleusercontent.com\/proxy\/3i1XBOwoHtP_7ugykG94R9JRvt5chK_zuY9zd-ICQ1LcdmjkP7bnR03C2KosUSHH8bGSaM7uV7sBsxMMAwK2hTz---WWxD1Cr9Kd6cah61SH7vFt=s0-d-e1-ft#https:\/\/static.xx.fbcdn.net\/images\/emoji.php\/v9\/t3\/2\/16\/1f91d.png\">&nbsp;La escuela integra el valioso conocimiento te\u00f3rico y experiencial de la comunidad con los fundamentos t\u00e9cnicos basados en los modelos de salud familiar y determinantes sociales de la salud.<\/p>\n\n\n\n<p><img loading=\"lazy\" decoding=\"async\" height=\"16\" width=\"16\" alt=\"\ud83d\udcc5\" src=\"https:\/\/ci3.googleusercontent.com\/proxy\/gIhKYhNMzLyOJ_BBRF7A8j2iXYycR502Y3MMRdmt225JBnPak7JdnFQMyCoQs0alTS7rU-bC6xOGGdPxq2qYwHAnXzMVmPOMc2OsoTeIUsBLDGQ8Vw=s0-d-e1-ft#https:\/\/static.xx.fbcdn.net\/images\/emoji.php\/v9\/t1d\/2\/16\/1f4c5.png\">&nbsp;Fechas:<\/p>\n\n\n\n<p><a><\/a>Sesi\u00f3n 1: 23 de noviembre<\/p>\n\n\n\n<p>Sesi\u00f3n 2: 30 de noviembre<\/p>\n\n\n\n<p>Sesi\u00f3n 3: 07 de diciembre<\/p>\n\n\n\n<p>Identificaremos activos comunitarios en el territorio y proyectaremos el trabajo comunitario para el 2024 en el \u00e1mbito de la salud.<\/p>\n\n\n\n<p><img loading=\"lazy\" decoding=\"async\" height=\"16\" width=\"16\" alt=\"\ud83d\udccd\" src=\"https:\/\/ci5.googleusercontent.com\/proxy\/uueWicdrubMJzmG6Nugl7VYN3RwQk8iadpXYxAvxgcnC78JDkYjPl8lfnpkBpdcT0rfPuHlYvFARS4pAbwlt4LIpSjj3mjrC4YxkTbZ3Cn5HSjiaWg=s0-d-e1-ft#https:\/\/static.xx.fbcdn.net\/images\/emoji.php\/v9\/tcc\/2\/16\/1f4cd.png\">&nbsp;Punto de encuentro: Nuevo centro de salud en Av. 21 de mayo 4645 (altura del paradero 16 1\/2). Desde all\u00ed nos movilizaremos juntos hacia el lugar del evento y regresaremos al nuevo centro una vez finalizada la actividad.<\/p>\n\n\n\n<p><img loading=\"lazy\" decoding=\"async\" height=\"16\" width=\"16\" alt=\"\ud83c\udfc6\" src=\"https:\/\/ci3.googleusercontent.com\/proxy\/4TEGJFXcnLKuYLTmyR-V58vCNRZHQ88QxDw_VcULXgClLPPwx1H4XUOB6dPM3SAjbUNeZUZz0-mb589ghCjjxiZ2YhEjNXxy8wGEZmQp64g5I7uemg=s0-d-e1-ft#https:\/\/static.xx.fbcdn.net\/images\/emoji.php\/v9\/t5d\/2\/16\/1f3c6.png\">&nbsp;Al culminar las sesiones, recibir\u00e1s un certificado de participaci\u00f3n. \u00a1No te pierdas esta oportunidad de aprender, compartir y contribuir al bienestar de nuestra comunidad!&nbsp;<img loading=\"lazy\" decoding=\"async\" height=\"16\" width=\"16\" alt=\"\ud83c\udf1f\" src=\"https:\/\/ci5.googleusercontent.com\/proxy\/yClBjZXAEgf2L9_0dXAJ3OofCCqYP6mCAGLGofGEl68sSRYEk3HDZ6oHGgRkfJuePM-2jXL2REAO52IGTIzWXa9BCFSGZWzz_K1viqlz60j2yrycGQ=s0-d-e1-ft#https:\/\/static.xx.fbcdn.net\/images\/emoji.php\/v9\/t7f\/2\/16\/1f31f.png\"><\/p>\n\n\n\n<p>\u00a1Inscr\u00edbete ahora!&nbsp;<img loading=\"lazy\" decoding=\"async\" height=\"16\" width=\"16\" alt=\"\u27a1\ufe0f\" src=\"https:\/\/ci3.googleusercontent.com\/proxy\/S7EZo-cMWiFMC1ct4suPkS3ObskiWEO1HeJXQkEh2pwl9hqjx0Z_xL4CThr3-NiIquhZBcEykt2kjnsGfW0c_mr_Umk4oVODTDez0ui_SeWI6MBU=s0-d-e1-ft#https:\/\/static.xx.fbcdn.net\/images\/emoji.php\/v9\/t1f\/2\/16\/27a1.png\">&nbsp;<a href=\"https:\/\/l.facebook.com\/l.php?u=https%3A%2F%2Fbit.ly%2FGestoresEnSalud%3Ffbclid%3DIwAR0_2hOQK_rJpoE1HEizodhDSZzt7lJzuDwhqD9GvoFCaqJoFn7sw6dTDTo&amp;h=AT18xYmT0_ytZieELFyId2h8LTBshbtN3vkHig4TqDz0I0Rzuq6EyLttcJluh1J2-EbZfEhWOolKO_QhB3ZtkNDC9gVZiSkprfs4GqOIbHkJHnra0POgSAsYFiQ-H3YGqQpmez0&amp;__tn__=-UK-R&amp;c[0]=AT1cESIqMfnqM2dySPD1CQZKVXWsZ4ZjDb8rCrkZo0_fd61u5HiIWtvlwILyq6IXSv4Tb_PH3VRZVq0CI_oCXVceT40QETTt1K7ksPNHm9XapD-hlS2qWqiEFeYqlbmSfC4QxLSUafeI_GQgvIl7q5XGhYj6ViXsEO-nrixiATheDlTh9w\" rel=\"noreferrer noopener\" target=\"_blank\">https:\/\/bit.ly\/GestoresEnSalud<\/a><\/p>\n\n\n\n<p><a href=\"https:\/\/www.facebook.com\/hashtag\/saludcomunitaria?__eep__=6&amp;__cft__[0]=AZUJJpSjmFcBLnB6xG0wm8R4abWqQdZ0AuZ3Jq0WaD0nPDs5GewYBFcJkEF-oxd9iZG6tlnm5yvHfGGeYr3DGgaxlB8rLRw_dMklF6vzqlTXaCGdOyoezZ4o8w6i6qztEwQx48AX2S99gG1zdBiXI_Kt&amp;__tn__=*NK-R\" target=\"_blank\" rel=\"noreferrer noopener\">#SaludComunitaria<\/a>&nbsp;<a href=\"https:\/\/www.facebook.com\/hashtag\/gestoresensalud?__eep__=6&amp;__cft__[0]=AZUJJpSjmFcBLnB6xG0wm8R4abWqQdZ0AuZ3Jq0WaD0nPDs5GewYBFcJkEF-oxd9iZG6tlnm5yvHfGGeYr3DGgaxlB8rLRw_dMklF6vzqlTXaCGdOyoezZ4o8w6i6qztEwQx48AX2S99gG1zdBiXI_Kt&amp;__tn__=*NK-R\" target=\"_blank\" rel=\"noreferrer noopener\">#GestoresEnSalud<\/a>&nbsp;<a href=\"https:\/\/www.facebook.com\/hashtag\/comunidadsana?__eep__=6&amp;__cft__[0]=AZUJJpSjmFcBLnB6xG0wm8R4abWqQdZ0AuZ3Jq0WaD0nPDs5GewYBFcJkEF-oxd9iZG6tlnm5yvHfGGeYr3DGgaxlB8rLRw_dMklF6vzqlTXaCGdOyoezZ4o8w6i6qztEwQx48AX2S99gG1zdBiXI_Kt&amp;__tn__=*NK-R\" target=\"_blank\" rel=\"noreferrer noopener\">#ComunidadSana<\/a>&nbsp;<a href=\"https:\/\/www.facebook.com\/hashtag\/lacruz?__eep__=6&amp;__cft__[0]=AZUJJpSjmFcBLnB6xG0wm8R4abWqQdZ0AuZ3Jq0WaD0nPDs5GewYBFcJkEF-oxd9iZG6tlnm5yvHfGGeYr3DGgaxlB8rLRw_dMklF6vzqlTXaCGdOyoezZ4o8w6i6qztEwQx48AX2S99gG1zdBiXI_Kt&amp;__tn__=*NK-R\" target=\"_blank\" rel=\"noreferrer noopener\">#LaCruz<\/a>&nbsp;<a href=\"https:\/\/www.facebook.com\/hashtag\/comunaqueavanza?__eep__=6&amp;__cft__[0]=AZUJJpSjmFcBLnB6xG0wm8R4abWqQdZ0AuZ3Jq0WaD0nPDs5GewYBFcJkEF-oxd9iZG6tlnm5yvHfGGeYr3DGgaxlB8rLRw_dMklF6vzqlTXaCGdOyoezZ4o8w6i6qztEwQx48AX2S99gG1zdBiXI_Kt&amp;__tn__=*NK-R\" target=\"_blank\" rel=\"noreferrer noopener\">#ComunaQueAvanza<\/a><\/p>\n","protected":false},"excerpt":{"rendered":"<p>Les invitamos a ser parte de esta experiencia \u00fanica que busca fortalecer el trabajo comunitario en salud.&nbsp;&nbsp;La escuela integra el valioso conocimiento te\u00f3rico y experiencial de la comunidad con los fundamentos t\u00e9cnicos basados en los modelos de salud familiar y determinantes sociales de la salud. &nbsp;Fechas: Sesi\u00f3n 1: 23 de noviembre Sesi\u00f3n 2: 30 de [&hellip;]<\/p>\n","protected":false},"author":6,"featured_media":10163,"comment_status":"closed","ping_status":"closed","sticky":false,"template":"","format":"standard","meta":{"site-sidebar-layout":"default","site-content-layout":"","ast-site-content-layout":"default","site-content-style":"default","site-sidebar-style":"default","ast-global-header-display":"","ast-banner-title-visibility":"","ast-main-header-display":"","ast-hfb-above-header-display":"","ast-hfb-below-header-display":"","ast-hfb-mobile-header-display":"","site-post-title":"","ast-breadcrumbs-content":"","ast-featured-img":"","footer-sml-layout":"","ast-disable-related-posts":"","theme-transparent-header-meta":"","adv-header-id-meta":"","stick-header-meta":"","header-above-stick-meta":"","header-main-stick-meta":"","header-below-stick-meta":"","astra-migrate-meta-layouts":"default","ast-page-background-enabled":"default","ast-page-background-meta":{"desktop":{"background-color":"var(--ast-global-color-4)","background-image":"","background-repeat":"repeat","background-position":"center center","background-size":"auto","background-attachment":"scroll","background-type":"","background-media":"","overlay-type":"","overlay-color":"","overlay-opacity":"","overlay-gradient":""},"tablet":{"background-color":"","background-image":"","background-repeat":"repeat","background-position":"center center","background-size":"auto","background-attachment":"scroll","background-type":"","background-media":"","overlay-type":"","overlay-color":"","overlay-opacity":"","overlay-gradient":""},"mobile":{"background-color":"","background-image":"","background-repeat":"repeat","background-position":"center center","background-size":"auto","background-attachment":"scroll","background-type":"","background-media":"","overlay-type":"","overlay-color":"","overlay-opacity":"","overlay-gradient":""}},"ast-content-background-meta":{"desktop":{"background-color":"var(--ast-global-color-5)","background-image":"","background-repeat":"repeat","background-position":"center center","background-size":"auto","background-attachment":"scroll","background-type":"","background-media":"","overlay-type":"","overlay-color":"","overlay-opacity":"","overlay-gradient":""},"tablet":{"background-color":"var(--ast-global-color-5)","background-image":"","background-repeat":"repeat","background-position":"center center","background-size":"auto","background-attachment":"scroll","background-type":"","background-media":"","overlay-type":"","overlay-color":"","overlay-opacity":"","overlay-gradient":""},"mobile":{"background-color":"var(--ast-global-color-5)","background-image":"","background-repeat":"repeat","background-position":"center center","background-size":"auto","background-attachment":"scroll","background-type":"","background-media":"","overlay-type":"","overlay-color":"","overlay-opacity":"","overlay-gradient":""}},"footnotes":""},"categories":[1],"tags":[],"class_list":["post-10164","post","type-post","status-publish","format-standard","has-post-thumbnail","hentry","category-noticias"],"_links":{"self":[{"href":"https:\/\/lacruz.cl\/a94a8fe5\/wp-json\/wp\/v2\/posts\/10164","targetHints":{"allow":["GET"]}}],"collection":[{"href":"https:\/\/lacruz.cl\/a94a8fe5\/wp-json\/wp\/v2\/posts"}],"about":[{"href":"https:\/\/lacruz.cl\/a94a8fe5\/wp-json\/wp\/v2\/types\/post"}],"author":[{"embeddable":true,"href":"https:\/\/lacruz.cl\/a94a8fe5\/wp-json\/wp\/v2\/users\/6"}],"replies":[{"embeddable":true,"href":"https:\/\/lacruz.cl\/a94a8fe5\/wp-json\/wp\/v2\/comments?post=10164"}],"version-history":[{"count":1,"href":"https:\/\/lacruz.cl\/a94a8fe5\/wp-json\/wp\/v2\/posts\/10164\/revisions"}],"predecessor-version":[{"id":10165,"href":"https:\/\/lacruz.cl\/a94a8fe5\/wp-json\/wp\/v2\/posts\/10164\/revisions\/10165"}],"wp:featuredmedia":[{"embeddable":true,"href":"https:\/\/lacruz.cl\/a94a8fe5\/wp-json\/wp\/v2\/media\/10163"}],"wp:attachment":[{"href":"https:\/\/lacruz.cl\/a94a8fe5\/wp-json\/wp\/v2\/media?parent=10164"}],"wp:term":[{"taxonomy":"category","embeddable":true,"href":"https:\/\/lacruz.cl\/a94a8fe5\/wp-json\/wp\/v2\/categories?post=10164"},{"taxonomy":"post_tag","embeddable":true,"href":"https:\/\/lacruz.cl\/a94a8fe5\/wp-json\/wp\/v2\/tags?post=10164"}],"curies":[{"name":"wp","href":"https:\/\/api.w.org\/{rel}","templated":true}]}}