{"id":10147,"date":"2023-11-15T16:28:03","date_gmt":"2023-11-15T19:28:03","guid":{"rendered":"https:\/\/lacruz.cl\/?p=10147"},"modified":"2023-11-21T13:48:08","modified_gmt":"2023-11-21T16:48:08","slug":"se-abren-postulaciones-para-participar-de-feria-navidena-2023","status":"publish","type":"post","link":"https:\/\/lacruz.cl\/a94a8fe5\/noticias\/se-abren-postulaciones-para-participar-de-feria-navidena-2023\/","title":{"rendered":"\u00a1Se abren\u00a0postulaciones\u00a0para participar de\u00a0Feria Navide\u00f1a 2023!"},"content":{"rendered":"\n<figure class=\"wp-block-image alignwide size-large\"><img loading=\"lazy\" decoding=\"async\" width=\"1024\" height=\"396\" src=\"https:\/\/lacruz.cl\/a94a8fe5\/wp-content\/uploads\/2023\/11\/banner-web-feria-navidena-1024x396.png\" alt=\"\" class=\"wp-image-10146\" srcset=\"https:\/\/lacruz.cl\/a94a8fe5\/wp-content\/uploads\/2023\/11\/banner-web-feria-navidena-1024x396.png 1024w, https:\/\/lacruz.cl\/a94a8fe5\/wp-content\/uploads\/2023\/11\/banner-web-feria-navidena-300x116.png 300w, https:\/\/lacruz.cl\/a94a8fe5\/wp-content\/uploads\/2023\/11\/banner-web-feria-navidena-768x297.png 768w, https:\/\/lacruz.cl\/a94a8fe5\/wp-content\/uploads\/2023\/11\/banner-web-feria-navidena-1536x594.png 1536w, https:\/\/lacruz.cl\/a94a8fe5\/wp-content\/uploads\/2023\/11\/banner-web-feria-navidena-2048x792.png 2048w\" sizes=\"auto, (max-width: 1024px) 100vw, 1024px\" \/><\/figure>\n\n\n\n<p class=\"has-text-align-left\">La I. Municipalidad de La Cruz,&nbsp;&nbsp;a trav\u00e9s de la Oficina de Fomento Productivo y Turismo, dependiente de la Direcci\u00f3n de Desarrollo Comunitario, &nbsp;con el&nbsp;objetivo de fomentar el comercio y emprendimiento local,&nbsp; invita&nbsp;&nbsp;a la comunidad a postular a la Feria Navide\u00f1a 2023,&nbsp; la que se llevar\u00e1 a cabo desde el viernes 15&nbsp; de diciembre&nbsp; hasta el&nbsp; domingo 24 de diciembre de 2023 en&nbsp;Plaza Comunal.<\/p>\n\n\n\n<p><strong><u>Requisitos :<\/u><\/strong><\/p>\n\n\n\n<ul class=\"wp-block-list\">\n<li>Ser&nbsp;mayor de 18 a\u00f1os, poseer&nbsp;RUT&nbsp;y&nbsp;C\u00e9dula de Identidad vigente.<\/li>\n\n\n\n<li>Acreditar&nbsp;residencia en la comuna de La Cruz&nbsp;(Registro Social de Hogares). &nbsp;<strong>EL O LA POSTULANTE DEBER\u00c1 &nbsp;COMO CRITERIO PRINCIPAL ADJUNTAR &nbsp;EL REGISTRO SOCIAL DE HOGARES&nbsp;<\/strong><\/li>\n\n\n\n<li>Disponer de un&nbsp;toldo tipo ara\u00f1a 3\u00d73 o 2&#215;2 de color azul, mesa, silla&nbsp; &nbsp;y mantel de un color&nbsp;.<\/li>\n\n\n\n<li>Contar con alargadores&nbsp;certificados por la SEC.<\/li>\n\n\n\n<li>No mantener deuda por conceptos de participaci\u00f3n en Ferias ejecutadas por &nbsp;la I. Municipalidad de La Cruz<\/li>\n\n\n\n<li>Haber le\u00eddo y estar de acuerdo con las&nbsp;bases de postulaci\u00f3n<strong>.<\/strong><\/li>\n<\/ul>\n\n\n\n<p><strong><a href=\"https:\/\/forms.gle\/uy7CmyeTy5XphuvT7\">-&gt; LINK FORMULARIO DE POSTULACI\u00d3N<\/a><\/strong><\/p>\n\n\n\n<p><strong><a href=\"https:\/\/lacruz.cl\/a94a8fe5\/wp-content\/uploads\/2023\/11\/Bases-Feria-Navidena-Emprende-La-Cruz-1.pdf\">-> BASES FERIA NAVIDE\u00d1A<\/a><\/strong><\/p>\n\n\n\n<p>Las postulaciones tambi\u00e9n podr\u00e1n ser por formulario impreso, el cual estar\u00e1 disponible en la Oficina de Fomento Productivo y Turismo, ubicada en Av. 21 de Mayo 5470, 2\u00b0 Piso &nbsp;(Entre la Copec y Gimnasio Municipal), La Cruz, el cual deber\u00e1 ser completado por \u00e9l o la usuaria, adjuntando el Registro Social de Hogares (RSH) y fotocopia credencial de discapacidad si es que corresponde, &nbsp; en horario de lunes a jueves (09:00 &nbsp;a 13:30 Hrs. y de 15:30 a 17:00 Hrs. y el d\u00eda viernes de 09:00 a 13:30 Hrs.) &nbsp;&nbsp;Entre los d\u00edas 15 de noviembre y 26 de noviembre.<\/p>\n\n\n\n<p><\/p>\n","protected":false},"excerpt":{"rendered":"<p>La I. Municipalidad de La Cruz,&nbsp;&nbsp;a trav\u00e9s de la Oficina de Fomento Productivo y Turismo, dependiente de la Direcci\u00f3n de Desarrollo Comunitario, &nbsp;con el&nbsp;objetivo de fomentar el comercio y emprendimiento local,&nbsp; invita&nbsp;&nbsp;a la comunidad a postular a la Feria Navide\u00f1a 2023,&nbsp; la que se llevar\u00e1 a cabo desde el viernes 15&nbsp; de diciembre&nbsp; hasta el&nbsp; [&hellip;]<\/p>\n","protected":false},"author":6,"featured_media":10146,"comment_status":"closed","ping_status":"closed","sticky":false,"template":"","format":"standard","meta":{"site-sidebar-layout":"default","site-content-layout":"","ast-site-content-layout":"default","site-content-style":"default","site-sidebar-style":"default","ast-global-header-display":"","ast-banner-title-visibility":"","ast-main-header-display":"","ast-hfb-above-header-display":"","ast-hfb-below-header-display":"","ast-hfb-mobile-header-display":"","site-post-title":"","ast-breadcrumbs-content":"","ast-featured-img":"","footer-sml-layout":"","ast-disable-related-posts":"","theme-transparent-header-meta":"","adv-header-id-meta":"","stick-header-meta":"","header-above-stick-meta":"","header-main-stick-meta":"","header-below-stick-meta":"","astra-migrate-meta-layouts":"default","ast-page-background-enabled":"default","ast-page-background-meta":{"desktop":{"background-color":"var(--ast-global-color-4)","background-image":"","background-repeat":"repeat","background-position":"center center","background-size":"auto","background-attachment":"scroll","background-type":"","background-media":"","overlay-type":"","overlay-color":"","overlay-opacity":"","overlay-gradient":""},"tablet":{"background-color":"","background-image":"","background-repeat":"repeat","background-position":"center center","background-size":"auto","background-attachment":"scroll","background-type":"","background-media":"","overlay-type":"","overlay-color":"","overlay-opacity":"","overlay-gradient":""},"mobile":{"background-color":"","background-image":"","background-repeat":"repeat","background-position":"center center","background-size":"auto","background-attachment":"scroll","background-type":"","background-media":"","overlay-type":"","overlay-color":"","overlay-opacity":"","overlay-gradient":""}},"ast-content-background-meta":{"desktop":{"background-color":"var(--ast-global-color-5)","background-image":"","background-repeat":"repeat","background-position":"center center","background-size":"auto","background-attachment":"scroll","background-type":"","background-media":"","overlay-type":"","overlay-color":"","overlay-opacity":"","overlay-gradient":""},"tablet":{"background-color":"var(--ast-global-color-5)","background-image":"","background-repeat":"repeat","background-position":"center center","background-size":"auto","background-attachment":"scroll","background-type":"","background-media":"","overlay-type":"","overlay-color":"","overlay-opacity":"","overlay-gradient":""},"mobile":{"background-color":"var(--ast-global-color-5)","background-image":"","background-repeat":"repeat","background-position":"center center","background-size":"auto","background-attachment":"scroll","background-type":"","background-media":"","overlay-type":"","overlay-color":"","overlay-opacity":"","overlay-gradient":""}},"footnotes":""},"categories":[1],"tags":[],"class_list":["post-10147","post","type-post","status-publish","format-standard","has-post-thumbnail","hentry","category-noticias"],"_links":{"self":[{"href":"https:\/\/lacruz.cl\/a94a8fe5\/wp-json\/wp\/v2\/posts\/10147","targetHints":{"allow":["GET"]}}],"collection":[{"href":"https:\/\/lacruz.cl\/a94a8fe5\/wp-json\/wp\/v2\/posts"}],"about":[{"href":"https:\/\/lacruz.cl\/a94a8fe5\/wp-json\/wp\/v2\/types\/post"}],"author":[{"embeddable":true,"href":"https:\/\/lacruz.cl\/a94a8fe5\/wp-json\/wp\/v2\/users\/6"}],"replies":[{"embeddable":true,"href":"https:\/\/lacruz.cl\/a94a8fe5\/wp-json\/wp\/v2\/comments?post=10147"}],"version-history":[{"count":7,"href":"https:\/\/lacruz.cl\/a94a8fe5\/wp-json\/wp\/v2\/posts\/10147\/revisions"}],"predecessor-version":[{"id":11959,"href":"https:\/\/lacruz.cl\/a94a8fe5\/wp-json\/wp\/v2\/posts\/10147\/revisions\/11959"}],"wp:featuredmedia":[{"embeddable":true,"href":"https:\/\/lacruz.cl\/a94a8fe5\/wp-json\/wp\/v2\/media\/10146"}],"wp:attachment":[{"href":"https:\/\/lacruz.cl\/a94a8fe5\/wp-json\/wp\/v2\/media?parent=10147"}],"wp:term":[{"taxonomy":"category","embeddable":true,"href":"https:\/\/lacruz.cl\/a94a8fe5\/wp-json\/wp\/v2\/categories?post=10147"},{"taxonomy":"post_tag","embeddable":true,"href":"https:\/\/lacruz.cl\/a94a8fe5\/wp-json\/wp\/v2\/tags?post=10147"}],"curies":[{"name":"wp","href":"https:\/\/api.w.org\/{rel}","templated":true}]}}