{"id":10061,"date":"2023-09-28T12:51:32","date_gmt":"2023-09-28T15:51:32","guid":{"rendered":"https:\/\/lacruz.cl\/?p=10061"},"modified":"2023-09-28T12:51:33","modified_gmt":"2023-09-28T15:51:33","slug":"bases-concurso-publico-para-proveer-el-cargo-de-apoyo-familiar-integral-para-el-programa-familias-de-la-comuna-de-la-cruz","status":"publish","type":"post","link":"https:\/\/lacruz.cl\/a94a8fe5\/noticias\/bases-concurso-publico-para-proveer-el-cargo-de-apoyo-familiar-integral-para-el-programa-familias-de-la-comuna-de-la-cruz\/","title":{"rendered":"BASES CONCURSO P\u00daBLICO PARA PROVEER EL CARGO DE APOYO FAMILIAR INTEGRAL PARA EL PROGRAMA FAMILIAS DE LA COMUNA DE LA CRUZ"},"content":{"rendered":"\n<figure class=\"wp-block-image size-large\"><img loading=\"lazy\" decoding=\"async\" width=\"1024\" height=\"216\" src=\"https:\/\/lacruz.cl\/a94a8fe5\/wp-content\/uploads\/2023\/09\/Baner-programa-familia-1024x216.png\" alt=\"\" class=\"wp-image-10060\" srcset=\"https:\/\/lacruz.cl\/a94a8fe5\/wp-content\/uploads\/2023\/09\/Baner-programa-familia-1024x216.png 1024w, https:\/\/lacruz.cl\/a94a8fe5\/wp-content\/uploads\/2023\/09\/Baner-programa-familia-300x63.png 300w, https:\/\/lacruz.cl\/a94a8fe5\/wp-content\/uploads\/2023\/09\/Baner-programa-familia-768x162.png 768w, https:\/\/lacruz.cl\/a94a8fe5\/wp-content\/uploads\/2023\/09\/Baner-programa-familia-1536x324.png 1536w, https:\/\/lacruz.cl\/a94a8fe5\/wp-content\/uploads\/2023\/09\/Baner-programa-familia.png 1650w\" sizes=\"auto, (max-width: 1024px) 100vw, 1024px\" \/><\/figure>\n\n\n\n<p>La Municipalidad de La Cruz, llama a concurso para proveer 1 cargo, con media jornada, Programa Familias de la comuna de La Cruz, dependiente de la Direcci\u00f3n de Desarrollo comunitario (DIDECO).<\/p>\n\n\n\n<p>Fecha de postulaci\u00f3n: desde el d\u00eda 28 de septiembre al 5 de octubre del 2023.&nbsp;<\/p>\n\n\n\n<p>Revisa&nbsp; las bases y descarga el anexo de postulaci\u00f3n.<\/p>\n\n\n\n<p><a href=\"https:\/\/lacruz.cl\/a94a8fe5\/wp-content\/uploads\/2023\/09\/BASES-CONCURSO-PUBLICO-PROGRAMA-FAMILIAS-LA-CRUZ.docx\">Link Bases del concurso<\/a><\/p>\n\n\n\n<p><a href=\"https:\/\/lacruz.cl\/a94a8fe5\/wp-content\/uploads\/2023\/09\/ANEXOS-1-Y-2-CONCURSO-AFI-LA-CRUZ.pdf\">Link Anexos postulaci\u00f3n\u00a0<\/a><\/p>\n","protected":false},"excerpt":{"rendered":"<p>La Municipalidad de La Cruz, llama a concurso para proveer 1 cargo, con media jornada, Programa Familias de la comuna de La Cruz, dependiente de la Direcci\u00f3n de Desarrollo comunitario (DIDECO). Fecha de postulaci\u00f3n: desde el d\u00eda 28 de septiembre al 5 de octubre del 2023.&nbsp; Revisa&nbsp; las bases y descarga el anexo de postulaci\u00f3n. [&hellip;]<\/p>\n","protected":false},"author":6,"featured_media":10060,"comment_status":"closed","ping_status":"closed","sticky":false,"template":"","format":"standard","meta":{"site-sidebar-layout":"default","site-content-layout":"","ast-site-content-layout":"default","site-content-style":"default","site-sidebar-style":"default","ast-global-header-display":"","ast-banner-title-visibility":"","ast-main-header-display":"","ast-hfb-above-header-display":"","ast-hfb-below-header-display":"","ast-hfb-mobile-header-display":"","site-post-title":"","ast-breadcrumbs-content":"","ast-featured-img":"","footer-sml-layout":"","ast-disable-related-posts":"","theme-transparent-header-meta":"","adv-header-id-meta":"","stick-header-meta":"","header-above-stick-meta":"","header-main-stick-meta":"","header-below-stick-meta":"","astra-migrate-meta-layouts":"default","ast-page-background-enabled":"default","ast-page-background-meta":{"desktop":{"background-color":"var(--ast-global-color-4)","background-image":"","background-repeat":"repeat","background-position":"center center","background-size":"auto","background-attachment":"scroll","background-type":"","background-media":"","overlay-type":"","overlay-color":"","overlay-opacity":"","overlay-gradient":""},"tablet":{"background-color":"","background-image":"","background-repeat":"repeat","background-position":"center center","background-size":"auto","background-attachment":"scroll","background-type":"","background-media":"","overlay-type":"","overlay-color":"","overlay-opacity":"","overlay-gradient":""},"mobile":{"background-color":"","background-image":"","background-repeat":"repeat","background-position":"center center","background-size":"auto","background-attachment":"scroll","background-type":"","background-media":"","overlay-type":"","overlay-color":"","overlay-opacity":"","overlay-gradient":""}},"ast-content-background-meta":{"desktop":{"background-color":"var(--ast-global-color-5)","background-image":"","background-repeat":"repeat","background-position":"center center","background-size":"auto","background-attachment":"scroll","background-type":"","background-media":"","overlay-type":"","overlay-color":"","overlay-opacity":"","overlay-gradient":""},"tablet":{"background-color":"var(--ast-global-color-5)","background-image":"","background-repeat":"repeat","background-position":"center center","background-size":"auto","background-attachment":"scroll","background-type":"","background-media":"","overlay-type":"","overlay-color":"","overlay-opacity":"","overlay-gradient":""},"mobile":{"background-color":"var(--ast-global-color-5)","background-image":"","background-repeat":"repeat","background-position":"center center","background-size":"auto","background-attachment":"scroll","background-type":"","background-media":"","overlay-type":"","overlay-color":"","overlay-opacity":"","overlay-gradient":""}},"footnotes":""},"categories":[1],"tags":[],"class_list":["post-10061","post","type-post","status-publish","format-standard","has-post-thumbnail","hentry","category-noticias"],"_links":{"self":[{"href":"https:\/\/lacruz.cl\/a94a8fe5\/wp-json\/wp\/v2\/posts\/10061","targetHints":{"allow":["GET"]}}],"collection":[{"href":"https:\/\/lacruz.cl\/a94a8fe5\/wp-json\/wp\/v2\/posts"}],"about":[{"href":"https:\/\/lacruz.cl\/a94a8fe5\/wp-json\/wp\/v2\/types\/post"}],"author":[{"embeddable":true,"href":"https:\/\/lacruz.cl\/a94a8fe5\/wp-json\/wp\/v2\/users\/6"}],"replies":[{"embeddable":true,"href":"https:\/\/lacruz.cl\/a94a8fe5\/wp-json\/wp\/v2\/comments?post=10061"}],"version-history":[{"count":1,"href":"https:\/\/lacruz.cl\/a94a8fe5\/wp-json\/wp\/v2\/posts\/10061\/revisions"}],"predecessor-version":[{"id":10062,"href":"https:\/\/lacruz.cl\/a94a8fe5\/wp-json\/wp\/v2\/posts\/10061\/revisions\/10062"}],"wp:featuredmedia":[{"embeddable":true,"href":"https:\/\/lacruz.cl\/a94a8fe5\/wp-json\/wp\/v2\/media\/10060"}],"wp:attachment":[{"href":"https:\/\/lacruz.cl\/a94a8fe5\/wp-json\/wp\/v2\/media?parent=10061"}],"wp:term":[{"taxonomy":"category","embeddable":true,"href":"https:\/\/lacruz.cl\/a94a8fe5\/wp-json\/wp\/v2\/categories?post=10061"},{"taxonomy":"post_tag","embeddable":true,"href":"https:\/\/lacruz.cl\/a94a8fe5\/wp-json\/wp\/v2\/tags?post=10061"}],"curies":[{"name":"wp","href":"https:\/\/api.w.org\/{rel}","templated":true}]}}